{"id":1077,"date":"2019-12-27T15:36:31","date_gmt":"2019-12-27T20:36:31","guid":{"rendered":"https:\/\/www.geekine.com\/sin-categoria\/los-cuentos-de-los-hermanos-grimm-tienen-un-video-que-seguramente-nunca-hayas-visto\/"},"modified":"2026-01-15T23:51:50","modified_gmt":"2026-01-16T04:51:50","slug":"os-contos-de-fadas-dos-irmaos-grimm-tem-um-video-que-voce-provavelmente-nunca-viu","status":"publish","type":"post","link":"https:\/\/geekine.com\/pt\/os-contos-de-fadas-dos-irmaos-grimm-tem-um-video-que-voce-provavelmente-nunca-viu\/","title":{"rendered":"Os Contos de Fadas dos Irm\u00e3os Grimm t\u00eam um v\u00eddeo que voc\u00ea provavelmente nunca viu."},"content":{"rendered":"<p class=\"ai-optimize-6 ai-optimize-introduction\">\u00c9 dif\u00edcil que n\u00e3o tenhamos ouvido falar deles, j\u00e1 que em algum momento voc\u00ea viu um certo filme de anima\u00e7\u00e3o de <strong>os contos do<\/strong> <strong>Irm\u00e3os Grimm<\/strong>. Ent\u00e3o <strong>Jacob e Wilhelm, entre 1812 e 1822, publicaram Contos Infantis e Dom\u00e9sticos<\/strong>.<\/p>\n<p class=\"ai-optimize-7\">Essas hist\u00f3rias foram t\u00e3o <a href=\"https:\/\/geekine.com\/pt\/cine_y_television\/a-netflix-conhece-os-codigos-secretos-para-assistir-filmes-e-series-escondidos\/\">popular<\/a> que foram adaptados em v\u00e1rios formatos. Portanto, no caso do <strong>s\u00e9rie animada produzida no Jap\u00e3o pela Nippon Animation<\/strong>, certamente <strong>voc\u00ea pode n\u00e3o ter visto o v\u00eddeo da m\u00fasica dos cr\u00e9ditos<\/strong>.<\/p>\n<p class=\"ai-optimize-8\">Enquanto isso, foi uma s\u00e9rie animada produzida por 2 temporadas. <strong>O primeiro foi chamado de Os Contos dos Irm\u00e3os Grimm<\/strong>, com 24 cap\u00edtulos. Lan\u00e7ada em 21 de outubro de 1987, a s\u00e9rie foi exibida at\u00e9 30 de mar\u00e7o de 1988. Em seguida, foi lan\u00e7ada uma segunda temporada de 23 epis\u00f3dios, conhecida como <strong>Os novos contos de fadas dos irm\u00e3os Grimm<\/strong>Esta s\u00e9rie come\u00e7ou em 2 de outubro e terminou em 26 de mar\u00e7o de 1989.<\/p>\n<p class=\"ai-optimize-9\">Agora, como qualquer boa s\u00e9rie, <strong>Tem duas boas m\u00fasicas, ambas interpretadas por Ushio Hashimoto<\/strong>. Um chamado <strong>A ponte no arco-\u00edris<\/strong> para o in\u00edcio e o outro para o encerramento ou os cr\u00e9ditos do t\u00edtulo <strong>O carrossel da minha cidade<\/strong>.<\/p>\n<h2 class=\"ai-optimize-10\"><strong>O que vemos em O Carrossel da Minha Cidade dos contos de fadas dos Irm\u00e3os Grimm?<\/strong><\/h2>\n<p class=\"ai-optimize-11\">No entanto, a m\u00fasica-tema de encerramento pode n\u00e3o ter sido vista por muitas pessoas. Como outros programas continuam na grade do ve\u00edculo, eles n\u00e3o a transmitem na \u00edntegra. Al\u00e9m disso, a m\u00fasica-tema dura <strong>1 minuto e 15 segundos<\/strong>, \u00e9poca em que v\u00e1rios comerciais de patrocinadores podem ser transmitidos e assim gerar receita.<\/p>\n<p class=\"ai-optimize-12\">Bem, neste v\u00eddeo de encerramento ou encerramento, vemos o <strong>Cr\u00e9ditos japoneses das pessoas que fizeram a anima\u00e7\u00e3o<\/strong>. Enquanto a protagonista Chapeuzinho Vermelho \u00e9 vista andando em um carrossel, circulando.<\/p>\n<p class=\"ai-optimize-13\">Se voc\u00ea viu o v\u00eddeo, podemos concluir que o aspecto mais elaborado \u00e9 a m\u00fasica. \u00c9 um v\u00eddeo bem simples e mostra apenas os nomes dos criadores da divertida s\u00e9rie japonesa.<\/p>\n<p class=\"ai-optimize-14\">Por fim, conte-nos: voc\u00ea j\u00e1 viu esse final que muitos n\u00e3o conseguiram ver? O que voc\u00ea achou da famosa s\u00e9rie animada? Qual epis\u00f3dio mais chamou sua aten\u00e7\u00e3o?<\/p>\n<p class=\"ai-optimize-15\">Imagem: <a data-original-href=\"http:\/\/elnoti.com\/5-datos-no-conocias-los-verdaderos-hermanos-grimm-recuerdas-historias\/\" href=\"https:\/\/xuo.us\/KaQdw\" target=\"_blank\" rel=\"nofollow noopener noreferrer external\"><em>ElNoti<\/em><\/a><\/p>","protected":false},"excerpt":{"rendered":"<p>\u00c9 improv\u00e1vel que nunca tenhamos ouvido falar deles, j\u00e1 que em algum momento voc\u00ea provavelmente j\u00e1 viu um filme de anima\u00e7\u00e3o baseado nos contos de fadas dos Irm\u00e3os Grimm. Jacob e Wilhelm publicaram Contos Infantis e Dom\u00e9sticos entre 1812 e 1822. Essas hist\u00f3rias se tornaram t\u00e3o populares que foram adaptadas para diversos formatos. Ent\u00e3o, no caso da s\u00e9rie animada produzida no Jap\u00e3o pela Nippon Animation, voc\u00ea provavelmente n\u00e3o viu o videoclipe da m\u00fasica que toca nos cr\u00e9ditos finais. Enquanto isso, foi uma s\u00e9rie\u2026<\/p>","protected":false},"author":13950,"featured_media":25581,"comment_status":"open","ping_status":"closed","sticky":false,"template":"","format":"standard","meta":{"googlesitekit_rrm_CAowjZ7eCw:productID":"","footnotes":""},"categories":[68],"tags":[575,576,577,578,579,580,581,582],"tmauthors":[],"ppma_author":[2505],"class_list":{"0":"post-1077","1":"post","2":"type-post","3":"status-publish","4":"format-standard","5":"has-post-thumbnail","7":"category-cine-y-television","8":"tag-caperucita-roja","9":"tag-el-carrusel-de-mi-pueblo","10":"tag-jacob-grimm","11":"tag-nippon-animation","12":"tag-series-animadas","13":"tag-series-animadas-japonesas","14":"tag-temas-de-los-hermanos-grimm","15":"tag-wilhelm-grimm"},"yoast_head":"<!-- This site is optimized with the Yoast SEO Premium plugin v26.7 (Yoast SEO v27.5) - https:\/\/yoast.com\/product\/yoast-seo-premium-wordpress\/ -->\n<title>Los Cuentos de los Hermanos Grimm tienen un video que seguramente nunca hayas visto | Geekine.com<\/title>\n<meta name=\"description\" content=\"Es dif\u00edcil que no hayamos escuchado de ellos, ya que en alg\u00fan momento viste determinada pel\u00edcula animada de los cuentos de los hermanos Grimm. As\u00ed Jacob y Wilhelm, entre 1812 y 1822 publicaron los Cuentos Infantiles y del Hogar. Estos relatos han sido tan populares que han realizado adaptaciones en diversos formatos. Por lo que, en el caso de la serie animada producida en Jap\u00f3n por Nippon Animation, seguramente no habr\u00e1s visto el video de la canci\u00f3n de los cr\u00e9ditos. En tanto que, fue una serie...\" \/>\n<meta name=\"robots\" content=\"index, follow, max-snippet:-1, max-image-preview:large, max-video-preview:-1\" \/>\n<link rel=\"canonical\" href=\"https:\/\/geekine.com\/pt\/os-contos-de-fadas-dos-irmaos-grimm-tem-um-video-que-voce-provavelmente-nunca-viu\/\" \/>\n<meta property=\"og:locale\" content=\"pt_BR\" \/>\n<meta property=\"og:type\" content=\"article\" \/>\n<meta property=\"og:title\" content=\"Los Cuentos de los Hermanos Grimm tienen un video que seguramente nunca hayas visto\" \/>\n<meta property=\"og:description\" content=\"Es dif\u00edcil que no hayamos escuchado de ellos, ya que en alg\u00fan momento viste determinada pel\u00edcula animada de los cuentos de los hermanos Grimm. As\u00ed Jacob y Wilhelm, entre 1812 y 1822 publicaron los Cuentos Infantiles y del Hogar. Estos relatos han sido tan populares que han realizado adaptaciones en diversos formatos. Por lo que, en el caso de la serie animada producida en Jap\u00f3n por Nippon Animation, seguramente no habr\u00e1s visto el video de la canci\u00f3n de los cr\u00e9ditos. En tanto que, fue una serie...\" \/>\n<meta property=\"og:url\" content=\"https:\/\/geekine.com\/pt\/os-contos-de-fadas-dos-irmaos-grimm-tem-um-video-que-voce-provavelmente-nunca-viu\/\" \/>\n<meta property=\"og:site_name\" content=\"Geekine: Tecnolog\u00eda, Videojuegos, Gadgets, Apps, Cine y Ciencia\" \/>\n<meta property=\"article:published_time\" content=\"2019-12-27T20:36:31+00:00\" \/>\n<meta property=\"article:modified_time\" content=\"2026-01-16T04:51:50+00:00\" \/>\n<meta property=\"og:image\" content=\"https:\/\/geekine.com\/wp-content\/uploads\/2024\/10\/qheronet-los-cuentos-de-los-hermanos-grimm-tienen-un-video-que-seguramente-no-han-ojeado-1.jpg\" \/>\n\t<meta property=\"og:image:width\" content=\"1\" \/>\n\t<meta property=\"og:image:height\" content=\"1\" \/>\n\t<meta property=\"og:image:type\" content=\"image\/jpeg\" \/>\n<meta name=\"author\" content=\"Hector Pellegatti\" \/>\n<meta name=\"twitter:card\" content=\"summary_large_image\" \/>\n<meta name=\"twitter:label1\" content=\"Escrito por\" \/>\n\t<meta name=\"twitter:data1\" content=\"Hector Pellegatti\" \/>\n\t<meta name=\"twitter:label2\" content=\"Est. tempo de leitura\" \/>\n\t<meta name=\"twitter:data2\" content=\"2 minutos\" \/>\n<script type=\"application\/ld+json\" class=\"yoast-schema-graph\">{\"@context\":\"https:\\\/\\\/schema.org\",\"@graph\":[{\"@type\":[\"Article\",\"BlogPosting\"],\"@id\":\"https:\\\/\\\/geekine.com\\\/los-cuentos-de-los-hermanos-grimm-tienen-un-video-que-seguramente-nunca-hayas-visto\\\/#article\",\"isPartOf\":{\"@id\":\"https:\\\/\\\/geekine.com\\\/los-cuentos-de-los-hermanos-grimm-tienen-un-video-que-seguramente-nunca-hayas-visto\\\/\"},\"author\":{\"name\":\"Hector Pellegatti\",\"@id\":\"https:\\\/\\\/geekine.com\\\/#\\\/schema\\\/person\\\/e621c3c83fdb2deafc9f0cd29cf6bb94\"},\"headline\":\"Los Cuentos de los Hermanos Grimm tienen un video que seguramente nunca hayas visto\",\"datePublished\":\"2019-12-27T20:36:31+00:00\",\"dateModified\":\"2026-01-16T04:51:50+00:00\",\"mainEntityOfPage\":{\"@id\":\"https:\\\/\\\/geekine.com\\\/los-cuentos-de-los-hermanos-grimm-tienen-un-video-que-seguramente-nunca-hayas-visto\\\/\"},\"wordCount\":384,\"commentCount\":0,\"publisher\":{\"@id\":\"https:\\\/\\\/geekine.com\\\/#organization\"},\"image\":{\"@id\":\"https:\\\/\\\/geekine.com\\\/los-cuentos-de-los-hermanos-grimm-tienen-un-video-que-seguramente-nunca-hayas-visto\\\/#primaryimage\"},\"thumbnailUrl\":\"https:\\\/\\\/geekine.com\\\/wp-content\\\/uploads\\\/2024\\\/10\\\/qheronet-los-cuentos-de-los-hermanos-grimm-tienen-un-video-que-seguramente-no-han-ojeado-1.jpg\",\"keywords\":[\"caperucita roja\",\"El carrusel de mi pueblo\",\"Jacob Grimm\",\"Nippon Animation\",\"series animadas\",\"series animadas japonesas\",\"temas de los hermanos grimm\",\"Wilhelm Grimm\"],\"articleSection\":[\"Cine y Televisi\u00f3n\"],\"inLanguage\":\"pt-BR\",\"potentialAction\":[{\"@type\":\"CommentAction\",\"name\":\"Comment\",\"target\":[\"https:\\\/\\\/geekine.com\\\/los-cuentos-de-los-hermanos-grimm-tienen-un-video-que-seguramente-nunca-hayas-visto\\\/#respond\"]}]},{\"@type\":\"WebPage\",\"@id\":\"https:\\\/\\\/geekine.com\\\/los-cuentos-de-los-hermanos-grimm-tienen-un-video-que-seguramente-nunca-hayas-visto\\\/\",\"url\":\"https:\\\/\\\/geekine.com\\\/los-cuentos-de-los-hermanos-grimm-tienen-un-video-que-seguramente-nunca-hayas-visto\\\/\",\"name\":\"Los Cuentos de los Hermanos Grimm tienen un video que seguramente nunca hayas visto | Geekine.com\",\"isPartOf\":{\"@id\":\"https:\\\/\\\/geekine.com\\\/#website\"},\"primaryImageOfPage\":{\"@id\":\"https:\\\/\\\/geekine.com\\\/los-cuentos-de-los-hermanos-grimm-tienen-un-video-que-seguramente-nunca-hayas-visto\\\/#primaryimage\"},\"thumbnailUrl\":\"https:\\\/\\\/geekine.com\\\/wp-content\\\/uploads\\\/2024\\\/10\\\/qheronet-los-cuentos-de-los-hermanos-grimm-tienen-un-video-que-seguramente-no-han-ojeado-1.jpg\",\"datePublished\":\"2019-12-27T20:36:31+00:00\",\"dateModified\":\"2026-01-16T04:51:50+00:00\",\"description\":\"Es dif\u00edcil que no hayamos escuchado de ellos, ya que en alg\u00fan momento viste determinada pel\u00edcula animada de los cuentos de los hermanos Grimm. As\u00ed Jacob y Wilhelm, entre 1812 y 1822 publicaron los Cuentos Infantiles y del Hogar. Estos relatos han sido tan populares que han realizado adaptaciones en diversos formatos. Por lo que, en el caso de la serie animada producida en Jap\u00f3n por Nippon Animation, seguramente no habr\u00e1s visto el video de la canci\u00f3n de los cr\u00e9ditos. En tanto que, fue una serie...\",\"breadcrumb\":{\"@id\":\"https:\\\/\\\/geekine.com\\\/los-cuentos-de-los-hermanos-grimm-tienen-un-video-que-seguramente-nunca-hayas-visto\\\/#breadcrumb\"},\"inLanguage\":\"pt-BR\",\"potentialAction\":[{\"@type\":\"ReadAction\",\"target\":[\"https:\\\/\\\/geekine.com\\\/los-cuentos-de-los-hermanos-grimm-tienen-un-video-que-seguramente-nunca-hayas-visto\\\/\"]}]},{\"@type\":\"ImageObject\",\"inLanguage\":\"pt-BR\",\"@id\":\"https:\\\/\\\/geekine.com\\\/los-cuentos-de-los-hermanos-grimm-tienen-un-video-que-seguramente-nunca-hayas-visto\\\/#primaryimage\",\"url\":\"https:\\\/\\\/geekine.com\\\/wp-content\\\/uploads\\\/2024\\\/10\\\/qheronet-los-cuentos-de-los-hermanos-grimm-tienen-un-video-que-seguramente-no-han-ojeado-1.jpg\",\"contentUrl\":\"https:\\\/\\\/geekine.com\\\/wp-content\\\/uploads\\\/2024\\\/10\\\/qheronet-los-cuentos-de-los-hermanos-grimm-tienen-un-video-que-seguramente-no-han-ojeado-1.jpg\",\"caption\":\"Qheronet Los Cuentos De Los Hermanos Grimm Tienen Un Video Que Seguramente No Han Ojeado 1\"},{\"@type\":\"BreadcrumbList\",\"@id\":\"https:\\\/\\\/geekine.com\\\/los-cuentos-de-los-hermanos-grimm-tienen-un-video-que-seguramente-nunca-hayas-visto\\\/#breadcrumb\",\"itemListElement\":[{\"@type\":\"ListItem\",\"position\":1,\"name\":\"Inicio\",\"item\":\"https:\\\/\\\/geekine.com\\\/\"},{\"@type\":\"ListItem\",\"position\":2,\"name\":\"Cine y Televisi\u00f3n\",\"item\":\"https:\\\/\\\/geekine.com\\\/categoria\\\/cine-y-television\\\/\"},{\"@type\":\"ListItem\",\"position\":3,\"name\":\"Los Cuentos de los Hermanos Grimm tienen un video que seguramente nunca hayas visto\"}]},{\"@type\":\"WebSite\",\"@id\":\"https:\\\/\\\/geekine.com\\\/#website\",\"url\":\"https:\\\/\\\/geekine.com\\\/\",\"name\":\"Geekine\",\"description\":\"Tecnolog\u00eda, Videojuegos, Gadgets, Apps, Cine y Ciencia\",\"publisher\":{\"@id\":\"https:\\\/\\\/geekine.com\\\/#organization\"},\"alternateName\":\"Geekine.com\",\"potentialAction\":[{\"@type\":\"SearchAction\",\"target\":{\"@type\":\"EntryPoint\",\"urlTemplate\":\"https:\\\/\\\/geekine.com\\\/?s={search_term_string}\"},\"query-input\":{\"@type\":\"PropertyValueSpecification\",\"valueRequired\":true,\"valueName\":\"search_term_string\"}}],\"inLanguage\":\"pt-BR\"},{\"@type\":\"Organization\",\"@id\":\"https:\\\/\\\/geekine.com\\\/#organization\",\"name\":\"Geekine\",\"alternateName\":\"Geekine.com\",\"url\":\"https:\\\/\\\/geekine.com\\\/\",\"logo\":{\"@type\":\"ImageObject\",\"inLanguage\":\"pt-BR\",\"@id\":\"https:\\\/\\\/geekine.com\\\/#\\\/schema\\\/logo\\\/image\\\/\",\"url\":null,\"contentUrl\":null,\"width\":null,\"height\":null,\"caption\":\"Geekine\"},\"image\":{\"@id\":\"https:\\\/\\\/geekine.com\\\/#\\\/schema\\\/logo\\\/image\\\/\"},\"sameAs\":[\"https:\\\/\\\/co.pinterest.com\\\/geekinecom\\\/\"],\"description\":\"Geekine es tu universo geek de tecnolog\u00eda, videojuegos, gadgets, apps, cine y ciencia. Publicamos noticias frescas, an\u00e1lisis expertos y rese\u00f1as en espa\u00f1ol.\",\"publishingPrinciples\":\"https:\\\/\\\/geekine.com\\\/terminos-y-condiciones\\\/\"},{\"@type\":\"Person\",\"@id\":\"https:\\\/\\\/geekine.com\\\/#\\\/schema\\\/person\\\/e621c3c83fdb2deafc9f0cd29cf6bb94\",\"name\":\"Hector Pellegatti\",\"image\":{\"@type\":\"ImageObject\",\"inLanguage\":\"pt-BR\",\"@id\":\"https:\\\/\\\/secure.gravatar.com\\\/avatar\\\/c0fdfb5971574e8b9bd97567fc04bd680f7a6e32cf93675af36cbf6ef8b39aab?s=96&d=mm&r=gcb620f79e740280707c50a52b14e7ffd\",\"url\":\"https:\\\/\\\/secure.gravatar.com\\\/avatar\\\/c0fdfb5971574e8b9bd97567fc04bd680f7a6e32cf93675af36cbf6ef8b39aab?s=96&d=mm&r=g\",\"contentUrl\":\"https:\\\/\\\/secure.gravatar.com\\\/avatar\\\/c0fdfb5971574e8b9bd97567fc04bd680f7a6e32cf93675af36cbf6ef8b39aab?s=96&d=mm&r=g\",\"caption\":\"Hector Pellegatti\"},\"description\":\"Me fascina la m\u00fasica, la fotograf\u00eda, leer buenos libros, comics. Me encanta conocer nuevos lugares y as\u00ed disfrutar la estad\u00eda en nuestro bonito planeta. Coleccionista de art\u00edculos cl\u00e1sicos y de agradables momentos.\",\"sameAs\":[\"https:\\\/\\\/qhero.net\"]}]}<\/script>\n<!-- \/ Yoast SEO Premium plugin. -->","yoast_head_json":{"title":"Os contos de fadas dos Irm\u00e3os Grimm t\u00eam um v\u00eddeo que voc\u00ea provavelmente nunca viu | Geekine.com","description":"\u00c9 dif\u00edcil n\u00e3o ter ouvido falar deles, j\u00e1 que em algum momento voc\u00ea viu um certo filme de anima\u00e7\u00e3o dos contos de fadas dos Irm\u00e3os Grimm. Assim, Jacob e Wilhelm, entre 1812 e 1822, publicaram os Contos Infantis e Dom\u00e9sticos. Essas hist\u00f3rias foram t\u00e3o populares que foram adaptadas em v\u00e1rios formatos. Portanto, no caso da s\u00e9rie animada produzida no Jap\u00e3o pela Nippon Animation, voc\u00ea provavelmente n\u00e3o viu o v\u00eddeo da m\u00fasica dos cr\u00e9ditos. Ao passo que era uma s\u00e9rie...","robots":{"index":"index","follow":"follow","max-snippet":"max-snippet:-1","max-image-preview":"max-image-preview:large","max-video-preview":"max-video-preview:-1"},"canonical":"https:\/\/geekine.com\/pt\/os-contos-de-fadas-dos-irmaos-grimm-tem-um-video-que-voce-provavelmente-nunca-viu\/","og_locale":"pt_BR","og_type":"article","og_title":"Los Cuentos de los Hermanos Grimm tienen un video que seguramente nunca hayas visto","og_description":"Es dif\u00edcil que no hayamos escuchado de ellos, ya que en alg\u00fan momento viste determinada pel\u00edcula animada de los cuentos de los hermanos Grimm. As\u00ed Jacob y Wilhelm, entre 1812 y 1822 publicaron los Cuentos Infantiles y del Hogar. Estos relatos han sido tan populares que han realizado adaptaciones en diversos formatos. Por lo que, en el caso de la serie animada producida en Jap\u00f3n por Nippon Animation, seguramente no habr\u00e1s visto el video de la canci\u00f3n de los cr\u00e9ditos. En tanto que, fue una serie...","og_url":"https:\/\/geekine.com\/pt\/os-contos-de-fadas-dos-irmaos-grimm-tem-um-video-que-voce-provavelmente-nunca-viu\/","og_site_name":"Geekine: Tecnolog\u00eda, Videojuegos, Gadgets, Apps, Cine y Ciencia","article_published_time":"2019-12-27T20:36:31+00:00","article_modified_time":"2026-01-16T04:51:50+00:00","og_image":[{"url":"https:\/\/geekine.com\/wp-content\/uploads\/2024\/10\/qheronet-los-cuentos-de-los-hermanos-grimm-tienen-un-video-que-seguramente-no-han-ojeado-1.jpg","width":1,"height":1,"type":"image\/jpeg"}],"author":"Hector Pellegatti","twitter_card":"summary_large_image","twitter_misc":{"Escrito por":"Hector Pellegatti","Est. tempo de leitura":"2 minutos"},"schema":{"@context":"https:\/\/schema.org","@graph":[{"@type":["Article","BlogPosting"],"@id":"https:\/\/geekine.com\/los-cuentos-de-los-hermanos-grimm-tienen-un-video-que-seguramente-nunca-hayas-visto\/#article","isPartOf":{"@id":"https:\/\/geekine.com\/los-cuentos-de-los-hermanos-grimm-tienen-un-video-que-seguramente-nunca-hayas-visto\/"},"author":{"name":"Hector Pellegatti","@id":"https:\/\/geekine.com\/#\/schema\/person\/e621c3c83fdb2deafc9f0cd29cf6bb94"},"headline":"Los Cuentos de los Hermanos Grimm tienen un video que seguramente nunca hayas visto","datePublished":"2019-12-27T20:36:31+00:00","dateModified":"2026-01-16T04:51:50+00:00","mainEntityOfPage":{"@id":"https:\/\/geekine.com\/los-cuentos-de-los-hermanos-grimm-tienen-un-video-que-seguramente-nunca-hayas-visto\/"},"wordCount":384,"commentCount":0,"publisher":{"@id":"https:\/\/geekine.com\/#organization"},"image":{"@id":"https:\/\/geekine.com\/los-cuentos-de-los-hermanos-grimm-tienen-un-video-que-seguramente-nunca-hayas-visto\/#primaryimage"},"thumbnailUrl":"https:\/\/geekine.com\/wp-content\/uploads\/2024\/10\/qheronet-los-cuentos-de-los-hermanos-grimm-tienen-un-video-que-seguramente-no-han-ojeado-1.jpg","keywords":["caperucita roja","El carrusel de mi pueblo","Jacob Grimm","Nippon Animation","series animadas","series animadas japonesas","temas de los hermanos grimm","Wilhelm Grimm"],"articleSection":["Cine y Televisi\u00f3n"],"inLanguage":"pt-BR","potentialAction":[{"@type":"CommentAction","name":"Comment","target":["https:\/\/geekine.com\/los-cuentos-de-los-hermanos-grimm-tienen-un-video-que-seguramente-nunca-hayas-visto\/#respond"]}]},{"@type":"WebPage","@id":"https:\/\/geekine.com\/los-cuentos-de-los-hermanos-grimm-tienen-un-video-que-seguramente-nunca-hayas-visto\/","url":"https:\/\/geekine.com\/los-cuentos-de-los-hermanos-grimm-tienen-un-video-que-seguramente-nunca-hayas-visto\/","name":"Os contos de fadas dos Irm\u00e3os Grimm t\u00eam um v\u00eddeo que voc\u00ea provavelmente nunca viu | Geekine.com","isPartOf":{"@id":"https:\/\/geekine.com\/#website"},"primaryImageOfPage":{"@id":"https:\/\/geekine.com\/los-cuentos-de-los-hermanos-grimm-tienen-un-video-que-seguramente-nunca-hayas-visto\/#primaryimage"},"thumbnailUrl":"https:\/\/geekine.com\/wp-content\/uploads\/2024\/10\/qheronet-los-cuentos-de-los-hermanos-grimm-tienen-un-video-que-seguramente-no-han-ojeado-1.jpg","datePublished":"2019-12-27T20:36:31+00:00","dateModified":"2026-01-16T04:51:50+00:00","description":"\u00c9 dif\u00edcil n\u00e3o ter ouvido falar deles, j\u00e1 que em algum momento voc\u00ea viu um certo filme de anima\u00e7\u00e3o dos contos de fadas dos Irm\u00e3os Grimm. Assim, Jacob e Wilhelm, entre 1812 e 1822, publicaram os Contos Infantis e Dom\u00e9sticos. Essas hist\u00f3rias foram t\u00e3o populares que foram adaptadas em v\u00e1rios formatos. Portanto, no caso da s\u00e9rie animada produzida no Jap\u00e3o pela Nippon Animation, voc\u00ea provavelmente n\u00e3o viu o v\u00eddeo da m\u00fasica dos cr\u00e9ditos. Ao passo que era uma s\u00e9rie...","breadcrumb":{"@id":"https:\/\/geekine.com\/los-cuentos-de-los-hermanos-grimm-tienen-un-video-que-seguramente-nunca-hayas-visto\/#breadcrumb"},"inLanguage":"pt-BR","potentialAction":[{"@type":"ReadAction","target":["https:\/\/geekine.com\/los-cuentos-de-los-hermanos-grimm-tienen-un-video-que-seguramente-nunca-hayas-visto\/"]}]},{"@type":"ImageObject","inLanguage":"pt-BR","@id":"https:\/\/geekine.com\/los-cuentos-de-los-hermanos-grimm-tienen-un-video-que-seguramente-nunca-hayas-visto\/#primaryimage","url":"https:\/\/geekine.com\/wp-content\/uploads\/2024\/10\/qheronet-los-cuentos-de-los-hermanos-grimm-tienen-un-video-que-seguramente-no-han-ojeado-1.jpg","contentUrl":"https:\/\/geekine.com\/wp-content\/uploads\/2024\/10\/qheronet-los-cuentos-de-los-hermanos-grimm-tienen-un-video-que-seguramente-no-han-ojeado-1.jpg","caption":"Qheronet Los Cuentos De Los Hermanos Grimm Tienen Un Video Que Seguramente No Han Ojeado 1"},{"@type":"BreadcrumbList","@id":"https:\/\/geekine.com\/los-cuentos-de-los-hermanos-grimm-tienen-un-video-que-seguramente-nunca-hayas-visto\/#breadcrumb","itemListElement":[{"@type":"ListItem","position":1,"name":"Inicio","item":"https:\/\/geekine.com\/"},{"@type":"ListItem","position":2,"name":"Cine y Televisi\u00f3n","item":"https:\/\/geekine.com\/categoria\/cine-y-television\/"},{"@type":"ListItem","position":3,"name":"Los Cuentos de los Hermanos Grimm tienen un video que seguramente nunca hayas visto"}]},{"@type":"WebSite","@id":"https:\/\/geekine.com\/#website","url":"https:\/\/geekine.com\/","name":"Geekine","description":"Tecnologia, videogames, gadgets, aplicativos, filmes e ci\u00eancia","publisher":{"@id":"https:\/\/geekine.com\/#organization"},"alternateName":"Geekine.com","potentialAction":[{"@type":"SearchAction","target":{"@type":"EntryPoint","urlTemplate":"https:\/\/geekine.com\/?s={search_term_string}"},"query-input":{"@type":"PropertyValueSpecification","valueRequired":true,"valueName":"search_term_string"}}],"inLanguage":"pt-BR"},{"@type":"Organization","@id":"https:\/\/geekine.com\/#organization","name":"Geekine","alternateName":"Geekine.com","url":"https:\/\/geekine.com\/","logo":{"@type":"ImageObject","inLanguage":"pt-BR","@id":"https:\/\/geekine.com\/#\/schema\/logo\/image\/","url":null,"contentUrl":null,"width":null,"height":null,"caption":"Geekine"},"image":{"@id":"https:\/\/geekine.com\/#\/schema\/logo\/image\/"},"sameAs":["https:\/\/co.pinterest.com\/geekinecom\/"],"description":"O Geekine \u00e9 o seu universo geek de tecnologia, videogames, gadgets, aplicativos, filmes e ci\u00eancia. Publicamos not\u00edcias atualizadas, an\u00e1lises de especialistas e resenhas em ingl\u00eas.","publishingPrinciples":"https:\/\/geekine.com\/terminos-y-condiciones\/"},{"@type":"Person","@id":"https:\/\/geekine.com\/#\/schema\/person\/e621c3c83fdb2deafc9f0cd29cf6bb94","name":"Heitor Pellegatti","image":{"@type":"ImageObject","inLanguage":"pt-BR","@id":"https:\/\/secure.gravatar.com\/avatar\/c0fdfb5971574e8b9bd97567fc04bd680f7a6e32cf93675af36cbf6ef8b39aab?s=96&d=mm&r=gcb620f79e740280707c50a52b14e7ffd","url":"https:\/\/secure.gravatar.com\/avatar\/c0fdfb5971574e8b9bd97567fc04bd680f7a6e32cf93675af36cbf6ef8b39aab?s=96&d=mm&r=g","contentUrl":"https:\/\/secure.gravatar.com\/avatar\/c0fdfb5971574e8b9bd97567fc04bd680f7a6e32cf93675af36cbf6ef8b39aab?s=96&d=mm&r=g","caption":"Hector Pellegatti"},"description":"Adoro m\u00fasica, fotografia, ler bons livros e hist\u00f3rias em quadrinhos. Adoro explorar novos lugares e aproveitar meu tempo em nosso lindo planeta. Sou colecionador de itens cl\u00e1ssicos e mem\u00f3rias agrad\u00e1veis.","sameAs":["https:\/\/qhero.net"]}]}},"authors":[{"term_id":2505,"user_id":13950,"is_guest":0,"slug":"hec-p","display_name":"Hector Pellegatti","avatar_url":"https:\/\/secure.gravatar.com\/avatar\/c0fdfb5971574e8b9bd97567fc04bd680f7a6e32cf93675af36cbf6ef8b39aab?s=96&d=mm&r=g","0":null,"1":"","2":"","3":"","4":"","5":"","6":"","7":"","8":""}],"_links":{"self":[{"href":"https:\/\/geekine.com\/pt\/wp-json\/wp\/v2\/posts\/1077","targetHints":{"allow":["GET"]}}],"collection":[{"href":"https:\/\/geekine.com\/pt\/wp-json\/wp\/v2\/posts"}],"about":[{"href":"https:\/\/geekine.com\/pt\/wp-json\/wp\/v2\/types\/post"}],"author":[{"embeddable":true,"href":"https:\/\/geekine.com\/pt\/wp-json\/wp\/v2\/users\/13950"}],"replies":[{"embeddable":true,"href":"https:\/\/geekine.com\/pt\/wp-json\/wp\/v2\/comments?post=1077"}],"version-history":[{"count":0,"href":"https:\/\/geekine.com\/pt\/wp-json\/wp\/v2\/posts\/1077\/revisions"}],"wp:featuredmedia":[{"embeddable":true,"href":"https:\/\/geekine.com\/pt\/wp-json\/wp\/v2\/media\/25581"}],"wp:attachment":[{"href":"https:\/\/geekine.com\/pt\/wp-json\/wp\/v2\/media?parent=1077"}],"wp:term":[{"taxonomy":"category","embeddable":true,"href":"https:\/\/geekine.com\/pt\/wp-json\/wp\/v2\/categories?post=1077"},{"taxonomy":"post_tag","embeddable":true,"href":"https:\/\/geekine.com\/pt\/wp-json\/wp\/v2\/tags?post=1077"},{"taxonomy":"tmauthors","embeddable":true,"href":"https:\/\/geekine.com\/pt\/wp-json\/wp\/v2\/tmauthors?post=1077"},{"taxonomy":"author","embeddable":true,"href":"https:\/\/geekine.com\/pt\/wp-json\/wp\/v2\/ppma_author?post=1077"}],"curies":[{"name":"wp","href":"https:\/\/api.w.org\/{rel}","templated":true}]}}