{"id":12875,"date":"2021-10-06T01:32:57","date_gmt":"2021-10-06T06:32:57","guid":{"rendered":"https:\/\/www.geekine.com\/?p=12875"},"modified":"2026-01-16T03:46:31","modified_gmt":"2026-01-16T08:46:31","slug":"por-que-os-aplicativos-facebook-whatsapp-e-instagram-pararam-de-funcionar-em-4-de-outubro-de-2021","status":"publish","type":"post","link":"https:\/\/geekine.com\/pt\/por-que-os-aplicativos-facebook-whatsapp-e-instagram-pararam-de-funcionar-em-4-de-outubro-de-2021\/","title":{"rendered":"Por que os aplicativos Facebook, WhatsApp e Instagram pararam de funcionar em 4 de outubro de 2021?"},"content":{"rendered":"<p class=\"ai-optimize-6 ai-optimize-introduction\">UM <strong>\u201cmudan\u00e7a de configura\u00e7\u00e3o defeituosa\u201d<\/strong> no <strong>A programa\u00e7\u00e3o do Facebook, WhatsApp e Instagram causou um apag\u00e3o global na rede por 6 horas.<\/strong>Isso foi relatado pela empresa em um comunicado oficial.<\/p>\n<p class=\"ai-optimize-7\"><strong>Usu\u00e1rios de todo o mundo migraram para <a href=\"https:\/\/geekine.com\/pt\/aplicacoes\/12-anos-de-twitter-5-motivos-para-usa-lo\/\">Twitter<\/a>, Telegram <\/strong>e at\u00e9 mesmo usado<strong> TikTok vai comunicar e reportar a falha<\/strong>. E como esperado, <strong>N\u00e3o faltaram memes e teorias sobre o apag\u00e3o global do Facebook, WhatsApp e Instagram.<\/strong>.<\/p>\n<h2 class=\"ai-optimize-8\">Um erro de programa\u00e7\u00e3o desliga o Facebook, o WhatsApp e o Instagram.<\/h2>\n<figure id=\"attachment_26714\" aria-describedby=\"caption-attachment-26714\" style=\"width: 1200px\" class=\"wp-caption aligncenter\"><img loading=\"lazy\" decoding=\"async\" class=\"size-full wp-image-26714\" src=\"https:\/\/www.geekine.com\/wp-content\/uploads\/2024\/10\/Por-que-motivo-las-apps-de-Facebook-WhatsApp-e-Instagram-dejaron-de-funcionar-el-4-de-octubre-del-2021.jpg\" alt=\"Por que os aplicativos Facebook, WhatsApp e Instagram pararam de funcionar em 4 de outubro de 2021?\" width=\"1200\" height=\"675\" \/><figcaption id=\"caption-attachment-26714\" class=\"wp-caption-text\">Uma queda de rede devido a uma programa\u00e7\u00e3o defeituosa. | Imagem: Pixabay<\/figcaption><\/figure>\n<p class=\"ai-optimize-9\">Muitos usu\u00e1rios expressaram sua preocupa\u00e7\u00e3o. <strong>diante da teoria de que as empresas de<\/strong> <strong>Mark Zuckerberg foi hackeado<\/strong>. Desde ent\u00e3o, no <strong>Web profunda<\/strong> Come\u00e7aram a circular coment\u00e1rios oferecendo um certo n\u00famero de contas do Facebook para venda.<\/p>\n<p class=\"ai-optimize-10\">No entanto, em <strong>uma declara\u00e7\u00e3o do Facebook<\/strong> Deixo claro que: <strong>&quot;Neste momento, acreditamos que a causa principal desta interrup\u00e7\u00e3o foi uma altera\u00e7\u00e3o de configura\u00e7\u00e3o incorreta. Tamb\u00e9m n\u00e3o temos evid\u00eancias de que os dados do usu\u00e1rio tenham sido comprometidos em decorr\u00eancia desta interrup\u00e7\u00e3o.&quot;<\/strong>.<\/p>\n<p class=\"ai-optimize-11\">Al\u00e9m de impactar o funcionamento das redes sociais, essa falha causou problemas dentro da empresa, desde ferramentas de comunica\u00e7\u00e3o interna at\u00e9 passes eletr\u00f4nicos para entrada nas salas.<\/p>\n<p class=\"ai-optimize-12\">A causa do apag\u00e3o <strong>\u201cIsso afetou muitas das ferramentas e sistemas internos que usamos em nossas opera\u00e7\u00f5es di\u00e1rias, complicando nossas tentativas de diagnosticar e resolver o problema rapidamente.\u201d<\/strong>, acrescentou a empresa.<\/p>\n<p class=\"ai-optimize-13\"><strong>Nossas equipes de engenharia determinaram que altera\u00e7\u00f5es na configura\u00e7\u00e3o dos roteadores de backbone que coordenam o tr\u00e1fego de rede entre nossos data centers causaram problemas que interromperam essa comunica\u00e7\u00e3o. Essa interrup\u00e7\u00e3o no tr\u00e1fego de rede teve um efeito cascata devido \u00e0 forma como nossos data centers se comunicam, prejudicando nossos servi\u00e7os.<\/strong>, explicou a empresa.<\/p>\n<h2 class=\"ai-optimize-14\">Problemas de DNS<\/h2>\n<p class=\"ai-optimize-15\">Um apag\u00e3o que deixou todos sem servi\u00e7o no WhatsApp, Instagram e Facebook. | Imagem: Unsplash<\/p>\n<p class=\"ai-optimize-16\"><strong>V\u00e1rios especialistas que analisam o tr\u00e1fego da Internet explicaram que a mudan\u00e7a de configura\u00e7\u00e3o causou problemas no sistema de aloca\u00e7\u00e3o de nomes de dom\u00ednio (DNS).<\/strong>Isto tamb\u00e9m \u00e9 conhecido como \u201clista telef\u00f4nica da internet\u201d.<br \/>\nO DNS \u00e9 o que traduz o nome que digitamos no navegador em um endere\u00e7o num\u00e9rico onde o servidor est\u00e1 localizado.<\/p>\n<p class=\"ai-optimize-17\">Mas o problema n\u00e3o era apenas que o tr\u00e1fego n\u00e3o sabia em que dire\u00e7\u00e3o seguir, porque n\u00e3o tinha acesso ao DNS. Ele tamb\u00e9m n\u00e3o sabia qual caminho seguir: al\u00e9m de apagar o destino, o mapa teria sido queimado.<\/p>\n<p class=\"ai-optimize-18\">Essa rota de navega\u00e7\u00e3o \u00e9 gerenciada por um protocolo chamado BGP (Border Gateway Protocol). Os detalhes de como esse protocolo funciona s\u00e3o frequentemente desconhecidos, mesmo para cientistas da computa\u00e7\u00e3o.<\/p>\n<h2 class=\"ai-optimize-19\">Um apag\u00e3o global e um novo julgamento para Mark Zuckerberg<\/h2>\n<p class=\"ai-optimize-20\">Isso pode n\u00e3o ser o pior para Mark Zuckerberg. | Imagem: Forbes Col\u00f4mbia<\/p>\n<p class=\"ai-optimize-21\"><strong>O encerramento dos servi\u00e7os WhatsApp e Instagram do Facebook ocorre em um momento muito dif\u00edcil para Mark Zuckerberg.<\/strong>Isso se deve a novas informa\u00e7\u00f5es sobre documentos internos da empresa que o The Wall Street Journal revelou.<\/p>\n<p class=\"ai-optimize-22\"><strong>A nova informa\u00e7\u00e3o foi dada ao jornal americano por Frances Haugen<\/strong>. Que revelou publicamente sua identidade como informante em uma entrevista exclusiva no domingo, 3 de outubro, na CBS.<\/p>\n<p class=\"ai-optimize-23\"><strong>Haugen \u00e9 um engenheiro de computa\u00e7\u00e3o de Iowa.<\/strong> 37 anos e <strong>trabalhou para o Facebook entre 2019 e 2021<\/strong>Na entrevista, ele afirmou que a empresa sempre priorizou a busca pelo lucro em detrimento do interesse p\u00fablico.<\/p>\n<p class=\"ai-optimize-24\"><strong>\u201cHavia constantes conflitos de interesse entre o que era bom para o p\u00fablico e o que era bom para o Facebook.\u201d<\/strong>, disse a ex-funcion\u00e1ria em sua entrevista. <strong>\u201cO Facebook sempre optou por otimizar seus pr\u00f3prios interesses para ganhar mais dinheiro.\u201d<\/strong>, ele disse.<\/p>\n<p class=\"ai-optimize-25\">Com tudo isso acontecendo, a pane t\u00e9cnica adicionou ainda mais problemas para Zuckerberg, causando uma queda de 4,91% nas a\u00e7\u00f5es do Facebook. Especialistas dizem que a situa\u00e7\u00e3o pode piorar.<\/p>\n<p class=\"ai-optimize-26\">Agora, diga-nos, voc\u00ea foi afetado pelo grande apag\u00e3o? <strong>Facebook, WhatsApp e Instagram<\/strong>Se voc\u00ea foi afetado, como resolveu o problema?<\/p>\n<p class=\"ai-optimize-27\">Imagem: <a data-original-href=\"https:\/\/www.pexels.com\/es-es\/foto\/persona-sosteniendo-iphone-mostrando-carpeta-de-redes-sociales-607812\/\" href=\"https:\/\/xuo.us\/hYYyc\" target=\"_blank\" rel=\"nofollow noopener noreferrer external\"><em>Tracy Le Blanc no Pexels<\/em><\/a><\/p>","protected":false},"excerpt":{"rendered":"<p>Uma &quot;altera\u00e7\u00e3o de configura\u00e7\u00e3o defeituosa&quot; na programa\u00e7\u00e3o do Facebook, WhatsApp e Instagram causou uma interrup\u00e7\u00e3o global das redes por seis horas, informou a empresa em um comunicado oficial. Usu\u00e1rios do mundo todo migraram para o Twitter, Telegram e at\u00e9 mesmo para o TikTok para se comunicar e relatar a interrup\u00e7\u00e3o. E, como esperado, memes e teorias sobre o apag\u00e3o global do Facebook, WhatsApp e Instagram surgiram rapidamente. Um erro de programa\u00e7\u00e3o derrubou o Facebook, WhatsApp e Instagram\u2026<\/p>","protected":false},"author":11324,"featured_media":26129,"comment_status":"open","ping_status":"closed","sticky":false,"template":"","format":"standard","meta":{"googlesitekit_rrm_CAowjZ7eCw:productID":"","footnotes":""},"categories":[24],"tags":[141,545,142,144,1221,1222,1104,1223,371,1224],"tmauthors":[],"ppma_author":[2509],"class_list":{"0":"post-12875","1":"post","2":"type-post","3":"status-publish","4":"format-standard","5":"has-post-thumbnail","7":"category-tecnologia","8":"tag-aplicaciones","9":"tag-aplicaciones-moviles","10":"tag-facebook","11":"tag-instagram","12":"tag-mark-zuckerberg","13":"tag-memes","14":"tag-telegram","15":"tag-tiktok","16":"tag-whatsapp","17":"tag-zuckerberg"},"yoast_head":"<!-- This site is optimized with the Yoast SEO Premium plugin v26.7 (Yoast SEO v27.5) - https:\/\/yoast.com\/product\/yoast-seo-premium-wordpress\/ -->\n<title>\u00bfPor qu\u00e9 motivo las apps de Facebook, WhatsApp e Instagram dejaron de funcionar el 4 de octubre del 2021? | Geekine.com<\/title>\n<meta name=\"description\" content=\"Un \u201ccambio de configuraci\u00f3n defectuoso\u201d en la programaci\u00f3n de Facebook, WhatsApp e Instagram ocasion\u00f3 un apag\u00f3n global de las redes por 6 horas. As\u00ed lo inform\u00f3 la compa\u00f1\u00eda en un comunicado oficial. Los usuarios de todo el mundo emigraron a Twitter, Telegram e incluso utilizaron TikTok para comunicarse y reportar el fallo. Y como era de esperarse, los memes y teor\u00edas del apag\u00f3n global de Facebook, WhatsApp e Instagram no faltaron. Un error de programaci\u00f3n apaga Facebook, WhatsApp e Instagram...\" \/>\n<meta name=\"robots\" content=\"index, follow, max-snippet:-1, max-image-preview:large, max-video-preview:-1\" \/>\n<link rel=\"canonical\" href=\"https:\/\/geekine.com\/pt\/por-que-os-aplicativos-facebook-whatsapp-e-instagram-pararam-de-funcionar-em-4-de-outubro-de-2021\/\" \/>\n<meta property=\"og:locale\" content=\"pt_BR\" \/>\n<meta property=\"og:type\" content=\"article\" \/>\n<meta property=\"og:title\" content=\"\u00bfPor qu\u00e9 motivo las apps de Facebook, WhatsApp e Instagram dejaron de funcionar el 4 de octubre del 2021?\" \/>\n<meta property=\"og:description\" content=\"Un \u201ccambio de configuraci\u00f3n defectuoso\u201d en la programaci\u00f3n de Facebook, WhatsApp e Instagram ocasion\u00f3 un apag\u00f3n global de las redes por 6 horas. As\u00ed lo inform\u00f3 la compa\u00f1\u00eda en un comunicado oficial. Los usuarios de todo el mundo emigraron a Twitter, Telegram e incluso utilizaron TikTok para comunicarse y reportar el fallo. Y como era de esperarse, los memes y teor\u00edas del apag\u00f3n global de Facebook, WhatsApp e Instagram no faltaron. Un error de programaci\u00f3n apaga Facebook, WhatsApp e Instagram...\" \/>\n<meta property=\"og:url\" content=\"https:\/\/geekine.com\/pt\/por-que-os-aplicativos-facebook-whatsapp-e-instagram-pararam-de-funcionar-em-4-de-outubro-de-2021\/\" \/>\n<meta property=\"og:site_name\" content=\"Geekine: Tecnolog\u00eda, Videojuegos, Gadgets, Apps, Cine y Ciencia\" \/>\n<meta property=\"article:published_time\" content=\"2021-10-06T06:32:57+00:00\" \/>\n<meta property=\"article:modified_time\" content=\"2026-01-16T08:46:31+00:00\" \/>\n<meta property=\"og:image\" content=\"https:\/\/geekine.com\/wp-content\/uploads\/2024\/10\/qheronet-por-que-motivo-las-apps-de-facebook-whatsapp-e-instagram-dejaron-de-funcionar-el-4-de-octubre-del-2021-2-1.jpg\" \/>\n\t<meta property=\"og:image:width\" content=\"1\" \/>\n\t<meta property=\"og:image:height\" content=\"1\" \/>\n\t<meta property=\"og:image:type\" content=\"image\/jpeg\" \/>\n<meta name=\"author\" content=\"Sofia Gonzalez\" \/>\n<meta name=\"twitter:card\" content=\"summary_large_image\" \/>\n<meta name=\"twitter:label1\" content=\"Escrito por\" \/>\n\t<meta name=\"twitter:data1\" content=\"Sofia Gonzalez\" \/>\n\t<meta name=\"twitter:label2\" content=\"Est. tempo de leitura\" \/>\n\t<meta name=\"twitter:data2\" content=\"4 minutos\" \/>\n<script type=\"application\/ld+json\" class=\"yoast-schema-graph\">{\"@context\":\"https:\\\/\\\/schema.org\",\"@graph\":[{\"@type\":[\"Article\",\"BlogPosting\"],\"@id\":\"https:\\\/\\\/geekine.com\\\/por-que-motivo-las-apps-de-facebook-whatsapp-e-instagram-dejaron-de-funcionar-el-4-de-octubre-del-2021\\\/#article\",\"isPartOf\":{\"@id\":\"https:\\\/\\\/geekine.com\\\/por-que-motivo-las-apps-de-facebook-whatsapp-e-instagram-dejaron-de-funcionar-el-4-de-octubre-del-2021\\\/\"},\"author\":{\"name\":\"Sofia Gonzalez\",\"@id\":\"https:\\\/\\\/geekine.com\\\/#\\\/schema\\\/person\\\/531c52a07ec1bc7ccad71f2589e33bbb\"},\"headline\":\"\u00bfPor qu\u00e9 motivo las apps de Facebook, WhatsApp e Instagram dejaron de funcionar el 4 de octubre del 2021?\",\"datePublished\":\"2021-10-06T06:32:57+00:00\",\"dateModified\":\"2026-01-16T08:46:31+00:00\",\"mainEntityOfPage\":{\"@id\":\"https:\\\/\\\/geekine.com\\\/por-que-motivo-las-apps-de-facebook-whatsapp-e-instagram-dejaron-de-funcionar-el-4-de-octubre-del-2021\\\/\"},\"wordCount\":781,\"commentCount\":0,\"publisher\":{\"@id\":\"https:\\\/\\\/geekine.com\\\/#organization\"},\"image\":{\"@id\":\"https:\\\/\\\/geekine.com\\\/por-que-motivo-las-apps-de-facebook-whatsapp-e-instagram-dejaron-de-funcionar-el-4-de-octubre-del-2021\\\/#primaryimage\"},\"thumbnailUrl\":\"https:\\\/\\\/geekine.com\\\/wp-content\\\/uploads\\\/2024\\\/10\\\/qheronet-por-que-motivo-las-apps-de-facebook-whatsapp-e-instagram-dejaron-de-funcionar-el-4-de-octubre-del-2021-2-1.jpg\",\"keywords\":[\"aplicaciones\",\"aplicaciones moviles\",\"facebook\",\"instagram\",\"Mark Zuckerberg\",\"memes\",\"telegram\",\"tiktok\",\"whatsapp\",\"Zuckerberg\"],\"articleSection\":[\"Tecnolog\u00eda\"],\"inLanguage\":\"pt-BR\",\"potentialAction\":[{\"@type\":\"CommentAction\",\"name\":\"Comment\",\"target\":[\"https:\\\/\\\/geekine.com\\\/por-que-motivo-las-apps-de-facebook-whatsapp-e-instagram-dejaron-de-funcionar-el-4-de-octubre-del-2021\\\/#respond\"]}]},{\"@type\":\"WebPage\",\"@id\":\"https:\\\/\\\/geekine.com\\\/por-que-motivo-las-apps-de-facebook-whatsapp-e-instagram-dejaron-de-funcionar-el-4-de-octubre-del-2021\\\/\",\"url\":\"https:\\\/\\\/geekine.com\\\/por-que-motivo-las-apps-de-facebook-whatsapp-e-instagram-dejaron-de-funcionar-el-4-de-octubre-del-2021\\\/\",\"name\":\"\u00bfPor qu\u00e9 motivo las apps de Facebook, WhatsApp e Instagram dejaron de funcionar el 4 de octubre del 2021? | Geekine.com\",\"isPartOf\":{\"@id\":\"https:\\\/\\\/geekine.com\\\/#website\"},\"primaryImageOfPage\":{\"@id\":\"https:\\\/\\\/geekine.com\\\/por-que-motivo-las-apps-de-facebook-whatsapp-e-instagram-dejaron-de-funcionar-el-4-de-octubre-del-2021\\\/#primaryimage\"},\"thumbnailUrl\":\"https:\\\/\\\/geekine.com\\\/wp-content\\\/uploads\\\/2024\\\/10\\\/qheronet-por-que-motivo-las-apps-de-facebook-whatsapp-e-instagram-dejaron-de-funcionar-el-4-de-octubre-del-2021-2-1.jpg\",\"datePublished\":\"2021-10-06T06:32:57+00:00\",\"dateModified\":\"2026-01-16T08:46:31+00:00\",\"description\":\"Un \u201ccambio de configuraci\u00f3n defectuoso\u201d en la programaci\u00f3n de Facebook, WhatsApp e Instagram ocasion\u00f3 un apag\u00f3n global de las redes por 6 horas. As\u00ed lo inform\u00f3 la compa\u00f1\u00eda en un comunicado oficial. Los usuarios de todo el mundo emigraron a Twitter, Telegram e incluso utilizaron TikTok para comunicarse y reportar el fallo. Y como era de esperarse, los memes y teor\u00edas del apag\u00f3n global de Facebook, WhatsApp e Instagram no faltaron. Un error de programaci\u00f3n apaga Facebook, WhatsApp e Instagram...\",\"breadcrumb\":{\"@id\":\"https:\\\/\\\/geekine.com\\\/por-que-motivo-las-apps-de-facebook-whatsapp-e-instagram-dejaron-de-funcionar-el-4-de-octubre-del-2021\\\/#breadcrumb\"},\"inLanguage\":\"pt-BR\",\"potentialAction\":[{\"@type\":\"ReadAction\",\"target\":[\"https:\\\/\\\/geekine.com\\\/por-que-motivo-las-apps-de-facebook-whatsapp-e-instagram-dejaron-de-funcionar-el-4-de-octubre-del-2021\\\/\"]}]},{\"@type\":\"ImageObject\",\"inLanguage\":\"pt-BR\",\"@id\":\"https:\\\/\\\/geekine.com\\\/por-que-motivo-las-apps-de-facebook-whatsapp-e-instagram-dejaron-de-funcionar-el-4-de-octubre-del-2021\\\/#primaryimage\",\"url\":\"https:\\\/\\\/geekine.com\\\/wp-content\\\/uploads\\\/2024\\\/10\\\/qheronet-por-que-motivo-las-apps-de-facebook-whatsapp-e-instagram-dejaron-de-funcionar-el-4-de-octubre-del-2021-2-1.jpg\",\"contentUrl\":\"https:\\\/\\\/geekine.com\\\/wp-content\\\/uploads\\\/2024\\\/10\\\/qheronet-por-que-motivo-las-apps-de-facebook-whatsapp-e-instagram-dejaron-de-funcionar-el-4-de-octubre-del-2021-2-1.jpg\",\"caption\":\"Qheronet Por Que Motivo Las Apps De Facebook Whatsapp E Instagram Dejaron De Funcionar El 4 De Octubre Del 2021 2 1\"},{\"@type\":\"BreadcrumbList\",\"@id\":\"https:\\\/\\\/geekine.com\\\/por-que-motivo-las-apps-de-facebook-whatsapp-e-instagram-dejaron-de-funcionar-el-4-de-octubre-del-2021\\\/#breadcrumb\",\"itemListElement\":[{\"@type\":\"ListItem\",\"position\":1,\"name\":\"Inicio\",\"item\":\"https:\\\/\\\/geekine.com\\\/\"},{\"@type\":\"ListItem\",\"position\":2,\"name\":\"Tecnolog\u00eda\",\"item\":\"https:\\\/\\\/geekine.com\\\/categoria\\\/tecnologia\\\/\"},{\"@type\":\"ListItem\",\"position\":3,\"name\":\"\u00bfPor qu\u00e9 motivo las apps de Facebook, WhatsApp e Instagram dejaron de funcionar el 4 de octubre del 2021?\"}]},{\"@type\":\"WebSite\",\"@id\":\"https:\\\/\\\/geekine.com\\\/#website\",\"url\":\"https:\\\/\\\/geekine.com\\\/\",\"name\":\"Geekine\",\"description\":\"Tecnolog\u00eda, Videojuegos, Gadgets, Apps, Cine y Ciencia\",\"publisher\":{\"@id\":\"https:\\\/\\\/geekine.com\\\/#organization\"},\"alternateName\":\"Geekine.com\",\"potentialAction\":[{\"@type\":\"SearchAction\",\"target\":{\"@type\":\"EntryPoint\",\"urlTemplate\":\"https:\\\/\\\/geekine.com\\\/?s={search_term_string}\"},\"query-input\":{\"@type\":\"PropertyValueSpecification\",\"valueRequired\":true,\"valueName\":\"search_term_string\"}}],\"inLanguage\":\"pt-BR\"},{\"@type\":\"Organization\",\"@id\":\"https:\\\/\\\/geekine.com\\\/#organization\",\"name\":\"Geekine\",\"alternateName\":\"Geekine.com\",\"url\":\"https:\\\/\\\/geekine.com\\\/\",\"logo\":{\"@type\":\"ImageObject\",\"inLanguage\":\"pt-BR\",\"@id\":\"https:\\\/\\\/geekine.com\\\/#\\\/schema\\\/logo\\\/image\\\/\",\"url\":null,\"contentUrl\":null,\"width\":null,\"height\":null,\"caption\":\"Geekine\"},\"image\":{\"@id\":\"https:\\\/\\\/geekine.com\\\/#\\\/schema\\\/logo\\\/image\\\/\"},\"sameAs\":[\"https:\\\/\\\/co.pinterest.com\\\/geekinecom\\\/\"],\"description\":\"Geekine es tu universo geek de tecnolog\u00eda, videojuegos, gadgets, apps, cine y ciencia. Publicamos noticias frescas, an\u00e1lisis expertos y rese\u00f1as en espa\u00f1ol.\",\"publishingPrinciples\":\"https:\\\/\\\/geekine.com\\\/terminos-y-condiciones\\\/\"},{\"@type\":\"Person\",\"@id\":\"https:\\\/\\\/geekine.com\\\/#\\\/schema\\\/person\\\/531c52a07ec1bc7ccad71f2589e33bbb\",\"name\":\"Sofia Gonzalez\",\"image\":{\"@type\":\"ImageObject\",\"inLanguage\":\"pt-BR\",\"@id\":\"https:\\\/\\\/secure.gravatar.com\\\/avatar\\\/1a55ee5c9f65f0c6e4d0306c2ebd8056e6c7626532d2a95ba22aa951b4b66a60?s=96&d=mm&r=g60b438b2bea97b437c54c78237726793\",\"url\":\"https:\\\/\\\/secure.gravatar.com\\\/avatar\\\/1a55ee5c9f65f0c6e4d0306c2ebd8056e6c7626532d2a95ba22aa951b4b66a60?s=96&d=mm&r=g\",\"contentUrl\":\"https:\\\/\\\/secure.gravatar.com\\\/avatar\\\/1a55ee5c9f65f0c6e4d0306c2ebd8056e6c7626532d2a95ba22aa951b4b66a60?s=96&d=mm&r=g\",\"caption\":\"Sofia Gonzalez\"},\"description\":\"Me gusta el chocolate. las cosas dulces, la tecnolog\u00eda, no soy otaku pero amo el anime, amo el cine la m\u00fasica y la fotograf\u00eda y soy adicta a vivir aventuras.\",\"sameAs\":[\"https:\\\/\\\/mivida-miviaje.blogspot.com\\\/\"]}]}<\/script>\n<!-- \/ Yoast SEO Premium plugin. -->","yoast_head_json":{"title":"Por que os aplicativos do Facebook, WhatsApp e Instagram pararam de funcionar em 4 de outubro de 2021? | Geekine.com","description":"Uma \u201cmudan\u00e7a de configura\u00e7\u00e3o defeituosa\u201d na programa\u00e7\u00e3o do Facebook, WhatsApp e Instagram causou um apag\u00e3o global das redes por 6 horas. Isso foi informado pela empresa em um comunicado oficial. Usu\u00e1rios de todo o mundo migraram para o Twitter, Telegram e at\u00e9 usaram o TikTok para se comunicar e relatar a interrup\u00e7\u00e3o. E, como era de se esperar, n\u00e3o faltaram memes e teorias sobre a interrup\u00e7\u00e3o global do Facebook, WhatsApp e Instagram. Um erro de programa\u00e7\u00e3o desliga o Facebook, o WhatsApp e o Instagram...","robots":{"index":"index","follow":"follow","max-snippet":"max-snippet:-1","max-image-preview":"max-image-preview:large","max-video-preview":"max-video-preview:-1"},"canonical":"https:\/\/geekine.com\/pt\/por-que-os-aplicativos-facebook-whatsapp-e-instagram-pararam-de-funcionar-em-4-de-outubro-de-2021\/","og_locale":"pt_BR","og_type":"article","og_title":"\u00bfPor qu\u00e9 motivo las apps de Facebook, WhatsApp e Instagram dejaron de funcionar el 4 de octubre del 2021?","og_description":"Un \u201ccambio de configuraci\u00f3n defectuoso\u201d en la programaci\u00f3n de Facebook, WhatsApp e Instagram ocasion\u00f3 un apag\u00f3n global de las redes por 6 horas. As\u00ed lo inform\u00f3 la compa\u00f1\u00eda en un comunicado oficial. Los usuarios de todo el mundo emigraron a Twitter, Telegram e incluso utilizaron TikTok para comunicarse y reportar el fallo. Y como era de esperarse, los memes y teor\u00edas del apag\u00f3n global de Facebook, WhatsApp e Instagram no faltaron. Un error de programaci\u00f3n apaga Facebook, WhatsApp e Instagram...","og_url":"https:\/\/geekine.com\/pt\/por-que-os-aplicativos-facebook-whatsapp-e-instagram-pararam-de-funcionar-em-4-de-outubro-de-2021\/","og_site_name":"Geekine: Tecnolog\u00eda, Videojuegos, Gadgets, Apps, Cine y Ciencia","article_published_time":"2021-10-06T06:32:57+00:00","article_modified_time":"2026-01-16T08:46:31+00:00","og_image":[{"url":"https:\/\/geekine.com\/wp-content\/uploads\/2024\/10\/qheronet-por-que-motivo-las-apps-de-facebook-whatsapp-e-instagram-dejaron-de-funcionar-el-4-de-octubre-del-2021-2-1.jpg","width":1,"height":1,"type":"image\/jpeg"}],"author":"Sofia Gonzalez","twitter_card":"summary_large_image","twitter_misc":{"Escrito por":"Sofia Gonzalez","Est. tempo de leitura":"4 minutos"},"schema":{"@context":"https:\/\/schema.org","@graph":[{"@type":["Article","BlogPosting"],"@id":"https:\/\/geekine.com\/por-que-motivo-las-apps-de-facebook-whatsapp-e-instagram-dejaron-de-funcionar-el-4-de-octubre-del-2021\/#article","isPartOf":{"@id":"https:\/\/geekine.com\/por-que-motivo-las-apps-de-facebook-whatsapp-e-instagram-dejaron-de-funcionar-el-4-de-octubre-del-2021\/"},"author":{"name":"Sofia Gonzalez","@id":"https:\/\/geekine.com\/#\/schema\/person\/531c52a07ec1bc7ccad71f2589e33bbb"},"headline":"\u00bfPor qu\u00e9 motivo las apps de Facebook, WhatsApp e Instagram dejaron de funcionar el 4 de octubre del 2021?","datePublished":"2021-10-06T06:32:57+00:00","dateModified":"2026-01-16T08:46:31+00:00","mainEntityOfPage":{"@id":"https:\/\/geekine.com\/por-que-motivo-las-apps-de-facebook-whatsapp-e-instagram-dejaron-de-funcionar-el-4-de-octubre-del-2021\/"},"wordCount":781,"commentCount":0,"publisher":{"@id":"https:\/\/geekine.com\/#organization"},"image":{"@id":"https:\/\/geekine.com\/por-que-motivo-las-apps-de-facebook-whatsapp-e-instagram-dejaron-de-funcionar-el-4-de-octubre-del-2021\/#primaryimage"},"thumbnailUrl":"https:\/\/geekine.com\/wp-content\/uploads\/2024\/10\/qheronet-por-que-motivo-las-apps-de-facebook-whatsapp-e-instagram-dejaron-de-funcionar-el-4-de-octubre-del-2021-2-1.jpg","keywords":["aplicaciones","aplicaciones moviles","facebook","instagram","Mark Zuckerberg","memes","telegram","tiktok","whatsapp","Zuckerberg"],"articleSection":["Tecnolog\u00eda"],"inLanguage":"pt-BR","potentialAction":[{"@type":"CommentAction","name":"Comment","target":["https:\/\/geekine.com\/por-que-motivo-las-apps-de-facebook-whatsapp-e-instagram-dejaron-de-funcionar-el-4-de-octubre-del-2021\/#respond"]}]},{"@type":"WebPage","@id":"https:\/\/geekine.com\/por-que-motivo-las-apps-de-facebook-whatsapp-e-instagram-dejaron-de-funcionar-el-4-de-octubre-del-2021\/","url":"https:\/\/geekine.com\/por-que-motivo-las-apps-de-facebook-whatsapp-e-instagram-dejaron-de-funcionar-el-4-de-octubre-del-2021\/","name":"Por que os aplicativos do Facebook, WhatsApp e Instagram pararam de funcionar em 4 de outubro de 2021? | Geekine.com","isPartOf":{"@id":"https:\/\/geekine.com\/#website"},"primaryImageOfPage":{"@id":"https:\/\/geekine.com\/por-que-motivo-las-apps-de-facebook-whatsapp-e-instagram-dejaron-de-funcionar-el-4-de-octubre-del-2021\/#primaryimage"},"thumbnailUrl":"https:\/\/geekine.com\/wp-content\/uploads\/2024\/10\/qheronet-por-que-motivo-las-apps-de-facebook-whatsapp-e-instagram-dejaron-de-funcionar-el-4-de-octubre-del-2021-2-1.jpg","datePublished":"2021-10-06T06:32:57+00:00","dateModified":"2026-01-16T08:46:31+00:00","description":"Uma \u201cmudan\u00e7a de configura\u00e7\u00e3o defeituosa\u201d na programa\u00e7\u00e3o do Facebook, WhatsApp e Instagram causou um apag\u00e3o global das redes por 6 horas. Isso foi informado pela empresa em um comunicado oficial. Usu\u00e1rios de todo o mundo migraram para o Twitter, Telegram e at\u00e9 usaram o TikTok para se comunicar e relatar a interrup\u00e7\u00e3o. E, como era de se esperar, n\u00e3o faltaram memes e teorias sobre a interrup\u00e7\u00e3o global do Facebook, WhatsApp e Instagram. Um erro de programa\u00e7\u00e3o desliga o Facebook, o WhatsApp e o Instagram...","breadcrumb":{"@id":"https:\/\/geekine.com\/por-que-motivo-las-apps-de-facebook-whatsapp-e-instagram-dejaron-de-funcionar-el-4-de-octubre-del-2021\/#breadcrumb"},"inLanguage":"pt-BR","potentialAction":[{"@type":"ReadAction","target":["https:\/\/geekine.com\/por-que-motivo-las-apps-de-facebook-whatsapp-e-instagram-dejaron-de-funcionar-el-4-de-octubre-del-2021\/"]}]},{"@type":"ImageObject","inLanguage":"pt-BR","@id":"https:\/\/geekine.com\/por-que-motivo-las-apps-de-facebook-whatsapp-e-instagram-dejaron-de-funcionar-el-4-de-octubre-del-2021\/#primaryimage","url":"https:\/\/geekine.com\/wp-content\/uploads\/2024\/10\/qheronet-por-que-motivo-las-apps-de-facebook-whatsapp-e-instagram-dejaron-de-funcionar-el-4-de-octubre-del-2021-2-1.jpg","contentUrl":"https:\/\/geekine.com\/wp-content\/uploads\/2024\/10\/qheronet-por-que-motivo-las-apps-de-facebook-whatsapp-e-instagram-dejaron-de-funcionar-el-4-de-octubre-del-2021-2-1.jpg","caption":"Qheronet Por Que Motivo Las Apps De Facebook Whatsapp E Instagram Dejaron De Funcionar El 4 De Octubre Del 2021 2 1"},{"@type":"BreadcrumbList","@id":"https:\/\/geekine.com\/por-que-motivo-las-apps-de-facebook-whatsapp-e-instagram-dejaron-de-funcionar-el-4-de-octubre-del-2021\/#breadcrumb","itemListElement":[{"@type":"ListItem","position":1,"name":"Inicio","item":"https:\/\/geekine.com\/"},{"@type":"ListItem","position":2,"name":"Tecnolog\u00eda","item":"https:\/\/geekine.com\/categoria\/tecnologia\/"},{"@type":"ListItem","position":3,"name":"\u00bfPor qu\u00e9 motivo las apps de Facebook, WhatsApp e Instagram dejaron de funcionar el 4 de octubre del 2021?"}]},{"@type":"WebSite","@id":"https:\/\/geekine.com\/#website","url":"https:\/\/geekine.com\/","name":"Geekine","description":"Tecnologia, videogames, gadgets, aplicativos, filmes e ci\u00eancia","publisher":{"@id":"https:\/\/geekine.com\/#organization"},"alternateName":"Geekine.com","potentialAction":[{"@type":"SearchAction","target":{"@type":"EntryPoint","urlTemplate":"https:\/\/geekine.com\/?s={search_term_string}"},"query-input":{"@type":"PropertyValueSpecification","valueRequired":true,"valueName":"search_term_string"}}],"inLanguage":"pt-BR"},{"@type":"Organization","@id":"https:\/\/geekine.com\/#organization","name":"Geekine","alternateName":"Geekine.com","url":"https:\/\/geekine.com\/","logo":{"@type":"ImageObject","inLanguage":"pt-BR","@id":"https:\/\/geekine.com\/#\/schema\/logo\/image\/","url":null,"contentUrl":null,"width":null,"height":null,"caption":"Geekine"},"image":{"@id":"https:\/\/geekine.com\/#\/schema\/logo\/image\/"},"sameAs":["https:\/\/co.pinterest.com\/geekinecom\/"],"description":"O Geekine \u00e9 o seu universo geek de tecnologia, videogames, gadgets, aplicativos, filmes e ci\u00eancia. Publicamos not\u00edcias atualizadas, an\u00e1lises de especialistas e resenhas em ingl\u00eas.","publishingPrinciples":"https:\/\/geekine.com\/terminos-y-condiciones\/"},{"@type":"Person","@id":"https:\/\/geekine.com\/#\/schema\/person\/531c52a07ec1bc7ccad71f2589e33bbb","name":"Sofia Gonz\u00e1lez","image":{"@type":"ImageObject","inLanguage":"pt-BR","@id":"https:\/\/secure.gravatar.com\/avatar\/1a55ee5c9f65f0c6e4d0306c2ebd8056e6c7626532d2a95ba22aa951b4b66a60?s=96&d=mm&r=g60b438b2bea97b437c54c78237726793","url":"https:\/\/secure.gravatar.com\/avatar\/1a55ee5c9f65f0c6e4d0306c2ebd8056e6c7626532d2a95ba22aa951b4b66a60?s=96&d=mm&r=g","contentUrl":"https:\/\/secure.gravatar.com\/avatar\/1a55ee5c9f65f0c6e4d0306c2ebd8056e6c7626532d2a95ba22aa951b4b66a60?s=96&d=mm&r=g","caption":"Sofia Gonzalez"},"description":"Gosto de chocolate, coisas doces e tecnologia. N\u00e3o sou otaku, mas adoro animes, filmes, m\u00fasica e fotografia, e sou viciado em aventuras.","sameAs":["https:\/\/mivida-miviaje.blogspot.com\/"]}]}},"authors":[{"term_id":2509,"user_id":11324,"is_guest":0,"slug":"emisoft","display_name":"Sofia Gonzalez","avatar_url":"https:\/\/secure.gravatar.com\/avatar\/1a55ee5c9f65f0c6e4d0306c2ebd8056e6c7626532d2a95ba22aa951b4b66a60?s=96&d=mm&r=g","0":null,"1":"","2":"","3":"","4":"","5":"","6":"","7":"","8":""}],"_links":{"self":[{"href":"https:\/\/geekine.com\/pt\/wp-json\/wp\/v2\/posts\/12875","targetHints":{"allow":["GET"]}}],"collection":[{"href":"https:\/\/geekine.com\/pt\/wp-json\/wp\/v2\/posts"}],"about":[{"href":"https:\/\/geekine.com\/pt\/wp-json\/wp\/v2\/types\/post"}],"author":[{"embeddable":true,"href":"https:\/\/geekine.com\/pt\/wp-json\/wp\/v2\/users\/11324"}],"replies":[{"embeddable":true,"href":"https:\/\/geekine.com\/pt\/wp-json\/wp\/v2\/comments?post=12875"}],"version-history":[{"count":0,"href":"https:\/\/geekine.com\/pt\/wp-json\/wp\/v2\/posts\/12875\/revisions"}],"wp:featuredmedia":[{"embeddable":true,"href":"https:\/\/geekine.com\/pt\/wp-json\/wp\/v2\/media\/26129"}],"wp:attachment":[{"href":"https:\/\/geekine.com\/pt\/wp-json\/wp\/v2\/media?parent=12875"}],"wp:term":[{"taxonomy":"category","embeddable":true,"href":"https:\/\/geekine.com\/pt\/wp-json\/wp\/v2\/categories?post=12875"},{"taxonomy":"post_tag","embeddable":true,"href":"https:\/\/geekine.com\/pt\/wp-json\/wp\/v2\/tags?post=12875"},{"taxonomy":"tmauthors","embeddable":true,"href":"https:\/\/geekine.com\/pt\/wp-json\/wp\/v2\/tmauthors?post=12875"},{"taxonomy":"author","embeddable":true,"href":"https:\/\/geekine.com\/pt\/wp-json\/wp\/v2\/ppma_author?post=12875"}],"curies":[{"name":"wp","href":"https:\/\/api.w.org\/{rel}","templated":true}]}}