{"id":2602,"date":"2023-09-20T20:00:00","date_gmt":"2023-09-21T01:00:00","guid":{"rendered":"https:\/\/www.geekine.com\/sin-categoria\/the-boy-and-the-heron-studio-ghibli\/"},"modified":"2026-01-16T00:36:27","modified_gmt":"2026-01-16T05:36:27","slug":"o-menino-e-a-garca-a-nova-obra-prima-do-studio-ghibli","status":"publish","type":"post","link":"https:\/\/geekine.com\/pt\/o-menino-e-a-garca-a-nova-obra-prima-do-studio-ghibli\/","title":{"rendered":"O Menino e a Gar\u00e7a, a nova obra-prima do Studio Ghibli"},"content":{"rendered":"<p class=\"ai-optimize-6 ai-optimize-introduction\">\u2018<strong>&#039;O Menino e a Gar\u00e7a&#039; \u00e9 o t\u00edtulo em espanhol do novo filme de Hayao Miyazaki.<\/strong>E aqueles que tiveram a oportunidade de assisti-lo j\u00e1 o posicionam como mais uma obra-prima do Studio Ghibli.<\/p>\r\n<p class=\"ai-optimize-7\">O filme <strong>The Boy and The Heron estreou no Jap\u00e3o em 14 de julho de 2023.<\/strong>, e arrecadou US$ 54,3 milh\u00f5es ap\u00f3s seu nono fim de semana em cartaz. J\u00e1 \u00e9 o 84\u00ba filme de maior bilheteria no Jap\u00e3o e o 20\u00ba filme de anima\u00e7\u00e3o de maior bilheteria, ultrapassando &#039;Contos de Terramar&#039;.<\/p>\r\n<p class=\"ai-optimize-8\"><strong>A produ\u00e7\u00e3o deste filme tem sido um mist\u00e9rio desde o in\u00edcio, como o diretor Hayao Miyazaki<\/strong>, havia anunciado sua aposentadoria em 2013. No entanto, <a href=\"https:\/\/geekine.com\/pt\/cine_y_television\/ghibli-hayao-miyazaki-esta-regreso-una-nueva-pelicula\/\"><strong>Em 2017 sua mente inquieta o levou de volta ao est\u00fadio<\/strong><\/a> para criar um filme para seu neto, como Toshio Suzuki, o produtor do longa-metragem, havia revelado.<\/p>\r\n<h2 class=\"Estilo3 ai-optimize-9\"><span lang=\"ES-VE\">Studio Ghibli e sua campanha de n\u00e3o promo\u00e7\u00e3o<\/span><\/h2>\r\n<figure id=\"attachment_28787\" aria-describedby=\"caption-attachment-28787\" style=\"width: 1200px\" class=\"wp-caption aligncenter\"><img loading=\"lazy\" decoding=\"async\" class=\"size-full wp-image-28787\" src=\"https:\/\/www.geekine.com\/wp-content\/uploads\/2024\/10\/The-Boy-and-the-Heron-La-nueva-obra-del-Studio-Ghibli5-1.jpg\" alt=\"O Menino e a Gar\u00e7a A nova obra-prima do Studio Ghibli\" width=\"1200\" height=\"675\" \/><figcaption id=\"caption-attachment-28787\" class=\"wp-caption-text\">Um filme que eles decidiram n\u00e3o comercializar como antigamente. | Imagem: Ghibli<\/figcaption><\/figure>\r\n<p class=\"ai-optimize-10\">At\u00e9 o dia de seu lan\u00e7amento no Jap\u00e3o, nada mais se sabia sobre o filme do que um p\u00f4ster de um desenho animado desenhado \u00e0 m\u00e3o, j\u00e1 que o mesmo <strong>O Studio Ghibli optou por uma estrat\u00e9gia de marketing diferente: n\u00e3o mostrar nenhum trailer ou sinopse sobre o filme.<\/strong><\/p>\r\n<p class=\"ai-optimize-11\">O motivo para manter os detalhes da obra em segredo e mostrar apenas um p\u00f4ster foi explicado por Toshio Suzuki, produtor do Studio Ghibli, em entrevista \u00e0 NHK. <strong>&quot;Um p\u00f4ster e um t\u00edtulo \u2014 era tudo o que t\u00ednhamos quando \u00e9ramos crian\u00e7as. Eu gostava de tentar imaginar sobre o que seria um filme e queria recapturar essa sensa\u00e7\u00e3o.&quot;<\/strong><\/p>\r\n<p class=\"ai-optimize-12\">E, no entanto, a m\u00eddia local relatou que The Boy and the Heron atraiu uma multid\u00e3o enorme no dia da estreia, apesar de quase nenhuma promo\u00e7\u00e3o.<\/p>\r\n<p class=\"ai-optimize-13\">&quot;O Menino e a Gar\u00e7a&quot; tornou-se a segunda maior estreia do Studio Ghibli no Jap\u00e3o. Arrecadou 1,56 bilh\u00e3o de ienes, aproximadamente US$ 11,3 milh\u00f5es na taxa de c\u00e2mbio atual, chegando muito perto do sucesso A Viagem de Chihiro, com US$ 1,6 bilh\u00e3o.<\/p>\r\n<p class=\"ai-optimize-14\">No entanto, para promover o filme internacionalmente, o est\u00fadio permitiu que ele fosse divulgado por meio de um trailer. O filme foi lan\u00e7ado em ingl\u00eas e espanhol na primeira semana de setembro.<\/p>\r\n<h2 class=\"ai-optimize-15\">Estreia de O Menino e a Gar\u00e7a<\/h2>\r\n<figure id=\"attachment_28790\" aria-describedby=\"caption-attachment-28790\" style=\"width: 1200px\" class=\"wp-caption aligncenter\"><img loading=\"lazy\" decoding=\"async\" class=\"size-full wp-image-28790\" src=\"https:\/\/www.geekine.com\/wp-content\/uploads\/2024\/10\/The-Boy-and-the-Heron-La-nueva-del-Studio-Ghibli2-1.png\" alt=\"O Menino e a Gar\u00e7a A nova obra-prima do Studio Ghibli\" width=\"1200\" height=\"675\" \/><figcaption id=\"caption-attachment-28790\" class=\"wp-caption-text\">Uma obra-prima de cerca de 124 minutos e uma pontua\u00e7\u00e3o perfeita no Rotten Tomatoes. | Imagem: Twimg<\/figcaption><\/figure>\r\n<p class=\"ai-optimize-16\">A estreia internacional de &quot;O Menino e a Gar\u00e7a&quot; ocorreu durante o Festival Internacional de Cinema de Toronto em 8 de setembro. No entanto, o filme ser\u00e1 lan\u00e7ado na Espanha em 27 de outubro, na Fran\u00e7a em 1\u00ba de novembro e nos EUA em 8 de dezembro.<\/p>\r\n<p class=\"ai-optimize-17\" style=\"padding-left: 40px\">A pessoa respons\u00e1vel pela apresenta\u00e7\u00e3o do <strong>filme<\/strong>\u00a0No Festival de Cinema de Toronto, foi o premiado diretor Guillermo del Toro quem fez a apresenta\u00e7\u00e3o. Ele come\u00e7ou dizendo: &quot;Miyazaki \u00e9 um homem de requintada habilidade t\u00e9cnica, mas tamb\u00e9m escolheu nos confiar sua biografia mais \u00edntima atrav\u00e9s de sua obra.&quot;\u201d<\/p>\r\n<p class=\"ai-optimize-18\">&quot;The Boy and the Heron&quot; tem 124 minutos de dura\u00e7\u00e3o e conta com uma trilha sonora composta pelo maestro Joe Hisaishi. Foi aclamado pela cr\u00edtica tanto no Jap\u00e3o quanto internacionalmente, recebendo uma nota m\u00e1xima de 100% no Rotten Tomatoes.<\/p>\r\n<p class=\"ai-optimize-19\">Por outro lado, j\u00e1 se sabe que &quot;O Menino e a Gar\u00e7a&quot; n\u00e3o representar\u00e1 o Jap\u00e3o como Melhor Filme Internacional no Oscar. No entanto, ser\u00e1 indicado ao pr\u00eamio de Melhor Filme de Anima\u00e7\u00e3o.<\/p>\r\n<h2 class=\"ai-optimize-20\">A Gar\u00e7a e a Crian\u00e7a, uma obra cheia de hist\u00f3ria pessoal<\/h2>\r\n<figure id=\"attachment_28791\" aria-describedby=\"caption-attachment-28791\" style=\"width: 1200px\" class=\"wp-caption aligncenter\"><img loading=\"lazy\" decoding=\"async\" class=\"size-full wp-image-28791\" src=\"https:\/\/www.geekine.com\/wp-content\/uploads\/2024\/10\/The-Boy-and-the-Heron-La-nueva-obra-del-Studio-Ghibli3-1.jpg\" alt=\"O Menino e a Gar\u00e7a A nova obra-prima do Studio Ghibli\" width=\"1200\" height=\"675\" \/><figcaption id=\"caption-attachment-28791\" class=\"wp-caption-text\">Ap\u00f3s a morte da m\u00e3e, um menino de 12 anos precisa se adaptar a uma nova cidade. Uma trama simples, mas cativante. | Imagem: Ghibli<\/figcaption><\/figure>\r\n<p class=\"ai-optimize-21\"><strong>Aviso<\/strong>:Na pr\u00f3xima parte n\u00e3o daremos nenhum spoiler, mas se voc\u00ea quiser manter suas expectativas seguindo fielmente a filosofia Ghibli, pode pular os par\u00e1grafos seguintes.<\/p>\r\n<p class=\"ai-optimize-22\">No final, gra\u00e7as \u00e0 sua estreia internacional, pudemos conhecer melhor o enredo e os personagens da nova obra-prima de Miyazaki. O filme tamb\u00e9m traz um pouco da experi\u00eancia do diretor em tempos de guerra. \u00a0<\/p>\r\n<p class=\"ai-optimize-23\">O filme <strong>O Menino e a Gar\u00e7a segue a hist\u00f3ria de Mahito<\/strong>, um garoto de 12 anos tentando se adaptar a uma nova cidade ap\u00f3s a morte de sua m\u00e3e. Mas quando ouve rumores de que ela est\u00e1 viva, uma gar\u00e7a falante o leva para um mundo fant\u00e1stico.<\/p>\r\n<p class=\"ai-optimize-24\">Sem perder seu estilo caracter\u00edstico, este novo filme conta com um elenco impec\u00e1vel, al\u00e9m de uma mistura m\u00e1gica de cen\u00e1rios japoneses e europeus. Al\u00e9m disso, apresenta paisagens deslumbrantes e movimentos de c\u00e2mera espetaculares.<\/p>\r\n<p class=\"ai-optimize-25\">A intera\u00e7\u00e3o de seus personagens \u00e9 notada espontaneamente com criaturas improv\u00e1veis. <strong>\u00c9 uma hist\u00f3ria que atravessa sem hesitar a fr\u00e1gil fronteira entre o real e o sobrenatural,<\/strong> uma caracter\u00edstica de Miyazaki.<\/p>\r\n<h2 class=\"ai-optimize-26\">Hayao Miyazaki n\u00e3o vai se aposentar do Studio Ghibli t\u00e3o cedo.<\/h2>\r\n<p class=\"ai-optimize-27\"><em>\u201c<\/em>N\u00e3o h\u00e1 nada mais pat\u00e9tico do que dizer ao mundo que voc\u00ea est\u00e1 se aposentando por causa da sua idade e depois fazer outro retorno.&quot; \u00c9 assim que Hayao Miyazaki zomba de sua pr\u00f3pria incapacidade de se aposentar nos di\u00e1rios de produ\u00e7\u00e3o exibidos no Festival de Cinema de Toronto de 2023.<\/p>\r\n<p class=\"ai-optimize-28\"><strong>Aos 82 anos, Mestre Miyazaki n\u00e3o tem planos de se aposentar da anima\u00e7\u00e3o.<\/strong>Foi o que Junichi Nishioka, presidente do Studio Ghibli, deixou claro em uma entrevista durante a apresenta\u00e7\u00e3o em Toronto. \u00a0<\/p>\r\n<p class=\"ai-optimize-29\">\u201cAlgumas pessoas dizem que este pode ser o \u00faltimo filme de Miyazaki, mas ele n\u00e3o pensa assim. Ele est\u00e1 trabalhando em ideias para um novo filme. Ele vem ao escrit\u00f3rio todos os dias e est\u00e1 trabalhando nisso. Desta vez, ele n\u00e3o vai anunciar sua aposentadoria. Ele continua trabalhando como sempre fez\u201d, disse o presidente do est\u00fadio \u00e0 CBC.<\/p>\r\n<p class=\"ai-optimize-30\">Sem d\u00favidas, esta temporada Ghibli encheu seus f\u00e3s de boas not\u00edcias, e n\u00f3s tamb\u00e9m estamos esperando para ver The Boy and the Heron para nos enchermos de emo\u00e7\u00f5es assistindo sua nova obra-prima.<\/p>\r\n<p class=\"ai-optimize-31\">Imagem: <a data-original-href=\"https:\/\/www.ghibli.jp\/works\/kimitachi\/\" href=\"https:\/\/xuo.us\/tLTtL\" target=\"_blank\" rel=\"nofollow noopener noreferrer external\"><em>Ghibli<\/em><\/a><\/p>","protected":false},"excerpt":{"rendered":"<p>&#8216;El chico y la garza&#8217; es el nombre en espa\u00f1ol de la nueva pel\u00edcula de Hayao Miyazaki. Y quienes han tenido la\u00a0de verla ya la posicionan como otra obra maestra de Studio Ghibli. La pel\u00edcula The boy and The Heron se estren\u00f3 en Jap\u00f3n 14 de julio de 2023, y lleva recaudado 54,3 millones d\u00f3lares tras su 9.\u00ba fin de semana en cartelera.\u00a0 Ya se encuentra en el puesto 84 de las pel\u00edculas m\u00e1s taquilleras del pa\u00eds nip\u00f3n y la 20\u00aa de anime superando a &#8216;Cuentos de Terramar&#8217;. La producci\u00f3n de esta pel\u00edcula ha&#8230;<\/p>","protected":false},"author":11324,"featured_media":26810,"comment_status":"open","ping_status":"closed","sticky":false,"template":"","format":"standard","meta":{"googlesitekit_rrm_CAowjZ7eCw:productID":"","footnotes":""},"categories":[68],"tags":[1852,1853,1854,209,210,1855,443,456,457],"tmauthors":[],"ppma_author":[2509],"class_list":{"0":"post-2602","1":"post","2":"type-post","3":"status-publish","4":"format-standard","5":"has-post-thumbnail","7":"category-cine-y-television","8":"tag-cuentos-de-terramar","9":"tag-el-nino-y-la-garza","10":"tag-el-viaje-de-chihiro","11":"tag-ghibli","12":"tag-hayao-miyazaki","13":"tag-mahito","14":"tag-qhero","15":"tag-qheronet","16":"tag-qherotech"},"yoast_head":"<!-- This site is optimized with the Yoast SEO Premium plugin v26.7 (Yoast SEO v27.5) - https:\/\/yoast.com\/product\/yoast-seo-premium-wordpress\/ -->\n<title>The Boy and the Heron la nueva obra maestra de Studio Ghibli | Geekine.com<\/title>\n<meta name=\"description\" content=\"The boy and the heron es la nueva obra maestra hecha pel\u00edcula de Hayao Miyazaki junto con el Studio Ghibli.\" \/>\n<meta name=\"robots\" content=\"index, follow, max-snippet:-1, max-image-preview:large, max-video-preview:-1\" \/>\n<link rel=\"canonical\" href=\"https:\/\/geekine.com\/pt\/o-menino-e-a-garca-a-nova-obra-prima-do-studio-ghibli\/\" \/>\n<meta property=\"og:locale\" content=\"pt_BR\" \/>\n<meta property=\"og:type\" content=\"article\" \/>\n<meta property=\"og:title\" content=\"The Boy and the Heron la nueva obra maestra de Studio Ghibli\" \/>\n<meta property=\"og:description\" content=\"The boy and the heron es la nueva obra maestra hecha pel\u00edcula de Hayao Miyazaki junto con el Studio Ghibli.\" \/>\n<meta property=\"og:url\" content=\"https:\/\/geekine.com\/pt\/o-menino-e-a-garca-a-nova-obra-prima-do-studio-ghibli\/\" \/>\n<meta property=\"og:site_name\" content=\"Geekine: Tecnolog\u00eda, Videojuegos, Gadgets, Apps, Cine y Ciencia\" \/>\n<meta property=\"article:published_time\" content=\"2023-09-21T01:00:00+00:00\" \/>\n<meta property=\"article:modified_time\" content=\"2026-01-16T05:36:27+00:00\" \/>\n<meta property=\"og:image\" content=\"https:\/\/geekine.com\/wp-content\/uploads\/2024\/10\/The-Boy-and-the-Heron-La-nueva-obra-del-Studio-Ghibli-1.jpg\" \/>\n\t<meta property=\"og:image:width\" content=\"1\" \/>\n\t<meta property=\"og:image:height\" content=\"1\" \/>\n\t<meta property=\"og:image:type\" content=\"image\/jpeg\" \/>\n<meta name=\"author\" content=\"Sofia Gonzalez\" \/>\n<meta name=\"twitter:card\" content=\"summary_large_image\" \/>\n<meta name=\"twitter:label1\" content=\"Escrito por\" \/>\n\t<meta name=\"twitter:data1\" content=\"Sofia Gonzalez\" \/>\n\t<meta name=\"twitter:label2\" content=\"Est. tempo de leitura\" \/>\n\t<meta name=\"twitter:data2\" content=\"6 minutos\" \/>\n<script type=\"application\/ld+json\" class=\"yoast-schema-graph\">{\"@context\":\"https:\\\/\\\/schema.org\",\"@graph\":[{\"@type\":[\"Article\",\"BlogPosting\"],\"@id\":\"https:\\\/\\\/geekine.com\\\/the-boy-and-the-heron-la-nueva-obra-maestra-de-studio-ghibli\\\/#article\",\"isPartOf\":{\"@id\":\"https:\\\/\\\/geekine.com\\\/the-boy-and-the-heron-la-nueva-obra-maestra-de-studio-ghibli\\\/\"},\"author\":{\"name\":\"Sofia Gonzalez\",\"@id\":\"https:\\\/\\\/geekine.com\\\/#\\\/schema\\\/person\\\/531c52a07ec1bc7ccad71f2589e33bbb\"},\"headline\":\"The Boy and the Heron la nueva obra maestra de Studio Ghibli\",\"datePublished\":\"2023-09-21T01:00:00+00:00\",\"dateModified\":\"2026-01-16T05:36:27+00:00\",\"mainEntityOfPage\":{\"@id\":\"https:\\\/\\\/geekine.com\\\/the-boy-and-the-heron-la-nueva-obra-maestra-de-studio-ghibli\\\/\"},\"wordCount\":1092,\"commentCount\":0,\"publisher\":{\"@id\":\"https:\\\/\\\/geekine.com\\\/#organization\"},\"image\":{\"@id\":\"https:\\\/\\\/geekine.com\\\/the-boy-and-the-heron-la-nueva-obra-maestra-de-studio-ghibli\\\/#primaryimage\"},\"thumbnailUrl\":\"https:\\\/\\\/geekine.com\\\/wp-content\\\/uploads\\\/2024\\\/10\\\/The-Boy-and-the-Heron-La-nueva-obra-del-Studio-Ghibli-1.jpg\",\"keywords\":[\"Cuentos de Terramar\",\"el ni\u00f1o y la garza\",\"El viaje de Chihiro\",\"ghibli\",\"hayao miyazaki\",\"mahito\",\"qhero\",\"qheronet\",\"qherotech\"],\"articleSection\":[\"Cine y Televisi\u00f3n\"],\"inLanguage\":\"pt-BR\",\"potentialAction\":[{\"@type\":\"CommentAction\",\"name\":\"Comment\",\"target\":[\"https:\\\/\\\/geekine.com\\\/the-boy-and-the-heron-la-nueva-obra-maestra-de-studio-ghibli\\\/#respond\"]}]},{\"@type\":\"WebPage\",\"@id\":\"https:\\\/\\\/geekine.com\\\/the-boy-and-the-heron-la-nueva-obra-maestra-de-studio-ghibli\\\/\",\"url\":\"https:\\\/\\\/geekine.com\\\/the-boy-and-the-heron-la-nueva-obra-maestra-de-studio-ghibli\\\/\",\"name\":\"The Boy and the Heron la nueva obra maestra de Studio Ghibli | Geekine.com\",\"isPartOf\":{\"@id\":\"https:\\\/\\\/geekine.com\\\/#website\"},\"primaryImageOfPage\":{\"@id\":\"https:\\\/\\\/geekine.com\\\/the-boy-and-the-heron-la-nueva-obra-maestra-de-studio-ghibli\\\/#primaryimage\"},\"thumbnailUrl\":\"https:\\\/\\\/geekine.com\\\/wp-content\\\/uploads\\\/2024\\\/10\\\/The-Boy-and-the-Heron-La-nueva-obra-del-Studio-Ghibli-1.jpg\",\"datePublished\":\"2023-09-21T01:00:00+00:00\",\"dateModified\":\"2026-01-16T05:36:27+00:00\",\"description\":\"The boy and the heron es la nueva obra maestra hecha pel\u00edcula de Hayao Miyazaki junto con el Studio Ghibli.\",\"breadcrumb\":{\"@id\":\"https:\\\/\\\/geekine.com\\\/the-boy-and-the-heron-la-nueva-obra-maestra-de-studio-ghibli\\\/#breadcrumb\"},\"inLanguage\":\"pt-BR\",\"potentialAction\":[{\"@type\":\"ReadAction\",\"target\":[\"https:\\\/\\\/geekine.com\\\/the-boy-and-the-heron-la-nueva-obra-maestra-de-studio-ghibli\\\/\"]}]},{\"@type\":\"ImageObject\",\"inLanguage\":\"pt-BR\",\"@id\":\"https:\\\/\\\/geekine.com\\\/the-boy-and-the-heron-la-nueva-obra-maestra-de-studio-ghibli\\\/#primaryimage\",\"url\":\"https:\\\/\\\/geekine.com\\\/wp-content\\\/uploads\\\/2024\\\/10\\\/The-Boy-and-the-Heron-La-nueva-obra-del-Studio-Ghibli-1.jpg\",\"contentUrl\":\"https:\\\/\\\/geekine.com\\\/wp-content\\\/uploads\\\/2024\\\/10\\\/The-Boy-and-the-Heron-La-nueva-obra-del-Studio-Ghibli-1.jpg\",\"caption\":\"The Boy And The Heron La Nueva Obra Del Studio Ghibli 1\"},{\"@type\":\"BreadcrumbList\",\"@id\":\"https:\\\/\\\/geekine.com\\\/the-boy-and-the-heron-la-nueva-obra-maestra-de-studio-ghibli\\\/#breadcrumb\",\"itemListElement\":[{\"@type\":\"ListItem\",\"position\":1,\"name\":\"Inicio\",\"item\":\"https:\\\/\\\/geekine.com\\\/\"},{\"@type\":\"ListItem\",\"position\":2,\"name\":\"Cine y Televisi\u00f3n\",\"item\":\"https:\\\/\\\/geekine.com\\\/categoria\\\/cine-y-television\\\/\"},{\"@type\":\"ListItem\",\"position\":3,\"name\":\"The Boy and the Heron la nueva obra maestra de Studio Ghibli\"}]},{\"@type\":\"WebSite\",\"@id\":\"https:\\\/\\\/geekine.com\\\/#website\",\"url\":\"https:\\\/\\\/geekine.com\\\/\",\"name\":\"Geekine\",\"description\":\"Tecnolog\u00eda, Videojuegos, Gadgets, Apps, Cine y Ciencia\",\"publisher\":{\"@id\":\"https:\\\/\\\/geekine.com\\\/#organization\"},\"alternateName\":\"Geekine.com\",\"potentialAction\":[{\"@type\":\"SearchAction\",\"target\":{\"@type\":\"EntryPoint\",\"urlTemplate\":\"https:\\\/\\\/geekine.com\\\/?s={search_term_string}\"},\"query-input\":{\"@type\":\"PropertyValueSpecification\",\"valueRequired\":true,\"valueName\":\"search_term_string\"}}],\"inLanguage\":\"pt-BR\"},{\"@type\":\"Organization\",\"@id\":\"https:\\\/\\\/geekine.com\\\/#organization\",\"name\":\"Geekine\",\"alternateName\":\"Geekine.com\",\"url\":\"https:\\\/\\\/geekine.com\\\/\",\"logo\":{\"@type\":\"ImageObject\",\"inLanguage\":\"pt-BR\",\"@id\":\"https:\\\/\\\/geekine.com\\\/#\\\/schema\\\/logo\\\/image\\\/\",\"url\":null,\"contentUrl\":null,\"width\":null,\"height\":null,\"caption\":\"Geekine\"},\"image\":{\"@id\":\"https:\\\/\\\/geekine.com\\\/#\\\/schema\\\/logo\\\/image\\\/\"},\"sameAs\":[\"https:\\\/\\\/co.pinterest.com\\\/geekinecom\\\/\"],\"description\":\"Geekine es tu universo geek de tecnolog\u00eda, videojuegos, gadgets, apps, cine y ciencia. Publicamos noticias frescas, an\u00e1lisis expertos y rese\u00f1as en espa\u00f1ol.\",\"publishingPrinciples\":\"https:\\\/\\\/geekine.com\\\/terminos-y-condiciones\\\/\"},{\"@type\":\"Person\",\"@id\":\"https:\\\/\\\/geekine.com\\\/#\\\/schema\\\/person\\\/531c52a07ec1bc7ccad71f2589e33bbb\",\"name\":\"Sofia Gonzalez\",\"image\":{\"@type\":\"ImageObject\",\"inLanguage\":\"pt-BR\",\"@id\":\"https:\\\/\\\/secure.gravatar.com\\\/avatar\\\/1a55ee5c9f65f0c6e4d0306c2ebd8056e6c7626532d2a95ba22aa951b4b66a60?s=96&d=mm&r=g60b438b2bea97b437c54c78237726793\",\"url\":\"https:\\\/\\\/secure.gravatar.com\\\/avatar\\\/1a55ee5c9f65f0c6e4d0306c2ebd8056e6c7626532d2a95ba22aa951b4b66a60?s=96&d=mm&r=g\",\"contentUrl\":\"https:\\\/\\\/secure.gravatar.com\\\/avatar\\\/1a55ee5c9f65f0c6e4d0306c2ebd8056e6c7626532d2a95ba22aa951b4b66a60?s=96&d=mm&r=g\",\"caption\":\"Sofia Gonzalez\"},\"description\":\"Me gusta el chocolate. las cosas dulces, la tecnolog\u00eda, no soy otaku pero amo el anime, amo el cine la m\u00fasica y la fotograf\u00eda y soy adicta a vivir aventuras.\",\"sameAs\":[\"https:\\\/\\\/mivida-miviaje.blogspot.com\\\/\"]}]}<\/script>\n<!-- \/ Yoast SEO Premium plugin. -->","yoast_head_json":{"title":"O Menino e a Gar\u00e7a, a nova obra-prima do Studio Ghibli | Geekine.com","description":"O Menino e a Gar\u00e7a \u00e9 a nova obra-prima transformada em filme por Hayao Miyazaki em parceria com o Studio Ghibli.","robots":{"index":"index","follow":"follow","max-snippet":"max-snippet:-1","max-image-preview":"max-image-preview:large","max-video-preview":"max-video-preview:-1"},"canonical":"https:\/\/geekine.com\/pt\/o-menino-e-a-garca-a-nova-obra-prima-do-studio-ghibli\/","og_locale":"pt_BR","og_type":"article","og_title":"The Boy and the Heron la nueva obra maestra de Studio Ghibli","og_description":"The boy and the heron es la nueva obra maestra hecha pel\u00edcula de Hayao Miyazaki junto con el Studio Ghibli.","og_url":"https:\/\/geekine.com\/pt\/o-menino-e-a-garca-a-nova-obra-prima-do-studio-ghibli\/","og_site_name":"Geekine: Tecnolog\u00eda, Videojuegos, Gadgets, Apps, Cine y Ciencia","article_published_time":"2023-09-21T01:00:00+00:00","article_modified_time":"2026-01-16T05:36:27+00:00","og_image":[{"url":"https:\/\/geekine.com\/wp-content\/uploads\/2024\/10\/The-Boy-and-the-Heron-La-nueva-obra-del-Studio-Ghibli-1.jpg","width":1,"height":1,"type":"image\/jpeg"}],"author":"Sofia Gonzalez","twitter_card":"summary_large_image","twitter_misc":{"Escrito por":"Sofia Gonzalez","Est. tempo de leitura":"6 minutos"},"schema":{"@context":"https:\/\/schema.org","@graph":[{"@type":["Article","BlogPosting"],"@id":"https:\/\/geekine.com\/the-boy-and-the-heron-la-nueva-obra-maestra-de-studio-ghibli\/#article","isPartOf":{"@id":"https:\/\/geekine.com\/the-boy-and-the-heron-la-nueva-obra-maestra-de-studio-ghibli\/"},"author":{"name":"Sofia Gonzalez","@id":"https:\/\/geekine.com\/#\/schema\/person\/531c52a07ec1bc7ccad71f2589e33bbb"},"headline":"The Boy and the Heron la nueva obra maestra de Studio Ghibli","datePublished":"2023-09-21T01:00:00+00:00","dateModified":"2026-01-16T05:36:27+00:00","mainEntityOfPage":{"@id":"https:\/\/geekine.com\/the-boy-and-the-heron-la-nueva-obra-maestra-de-studio-ghibli\/"},"wordCount":1092,"commentCount":0,"publisher":{"@id":"https:\/\/geekine.com\/#organization"},"image":{"@id":"https:\/\/geekine.com\/the-boy-and-the-heron-la-nueva-obra-maestra-de-studio-ghibli\/#primaryimage"},"thumbnailUrl":"https:\/\/geekine.com\/wp-content\/uploads\/2024\/10\/The-Boy-and-the-Heron-La-nueva-obra-del-Studio-Ghibli-1.jpg","keywords":["Cuentos de Terramar","el ni\u00f1o y la garza","El viaje de Chihiro","ghibli","hayao miyazaki","mahito","qhero","qheronet","qherotech"],"articleSection":["Cine y Televisi\u00f3n"],"inLanguage":"pt-BR","potentialAction":[{"@type":"CommentAction","name":"Comment","target":["https:\/\/geekine.com\/the-boy-and-the-heron-la-nueva-obra-maestra-de-studio-ghibli\/#respond"]}]},{"@type":"WebPage","@id":"https:\/\/geekine.com\/the-boy-and-the-heron-la-nueva-obra-maestra-de-studio-ghibli\/","url":"https:\/\/geekine.com\/the-boy-and-the-heron-la-nueva-obra-maestra-de-studio-ghibli\/","name":"O Menino e a Gar\u00e7a, a nova obra-prima do Studio Ghibli | Geekine.com","isPartOf":{"@id":"https:\/\/geekine.com\/#website"},"primaryImageOfPage":{"@id":"https:\/\/geekine.com\/the-boy-and-the-heron-la-nueva-obra-maestra-de-studio-ghibli\/#primaryimage"},"thumbnailUrl":"https:\/\/geekine.com\/wp-content\/uploads\/2024\/10\/The-Boy-and-the-Heron-La-nueva-obra-del-Studio-Ghibli-1.jpg","datePublished":"2023-09-21T01:00:00+00:00","dateModified":"2026-01-16T05:36:27+00:00","description":"O Menino e a Gar\u00e7a \u00e9 a nova obra-prima transformada em filme por Hayao Miyazaki em parceria com o Studio Ghibli.","breadcrumb":{"@id":"https:\/\/geekine.com\/the-boy-and-the-heron-la-nueva-obra-maestra-de-studio-ghibli\/#breadcrumb"},"inLanguage":"pt-BR","potentialAction":[{"@type":"ReadAction","target":["https:\/\/geekine.com\/the-boy-and-the-heron-la-nueva-obra-maestra-de-studio-ghibli\/"]}]},{"@type":"ImageObject","inLanguage":"pt-BR","@id":"https:\/\/geekine.com\/the-boy-and-the-heron-la-nueva-obra-maestra-de-studio-ghibli\/#primaryimage","url":"https:\/\/geekine.com\/wp-content\/uploads\/2024\/10\/The-Boy-and-the-Heron-La-nueva-obra-del-Studio-Ghibli-1.jpg","contentUrl":"https:\/\/geekine.com\/wp-content\/uploads\/2024\/10\/The-Boy-and-the-Heron-La-nueva-obra-del-Studio-Ghibli-1.jpg","caption":"The Boy And The Heron La Nueva Obra Del Studio Ghibli 1"},{"@type":"BreadcrumbList","@id":"https:\/\/geekine.com\/the-boy-and-the-heron-la-nueva-obra-maestra-de-studio-ghibli\/#breadcrumb","itemListElement":[{"@type":"ListItem","position":1,"name":"Inicio","item":"https:\/\/geekine.com\/"},{"@type":"ListItem","position":2,"name":"Cine y Televisi\u00f3n","item":"https:\/\/geekine.com\/categoria\/cine-y-television\/"},{"@type":"ListItem","position":3,"name":"The Boy and the Heron la nueva obra maestra de Studio Ghibli"}]},{"@type":"WebSite","@id":"https:\/\/geekine.com\/#website","url":"https:\/\/geekine.com\/","name":"Geekine","description":"Tecnologia, videogames, gadgets, aplicativos, filmes e ci\u00eancia","publisher":{"@id":"https:\/\/geekine.com\/#organization"},"alternateName":"Geekine.com","potentialAction":[{"@type":"SearchAction","target":{"@type":"EntryPoint","urlTemplate":"https:\/\/geekine.com\/?s={search_term_string}"},"query-input":{"@type":"PropertyValueSpecification","valueRequired":true,"valueName":"search_term_string"}}],"inLanguage":"pt-BR"},{"@type":"Organization","@id":"https:\/\/geekine.com\/#organization","name":"Geekine","alternateName":"Geekine.com","url":"https:\/\/geekine.com\/","logo":{"@type":"ImageObject","inLanguage":"pt-BR","@id":"https:\/\/geekine.com\/#\/schema\/logo\/image\/","url":null,"contentUrl":null,"width":null,"height":null,"caption":"Geekine"},"image":{"@id":"https:\/\/geekine.com\/#\/schema\/logo\/image\/"},"sameAs":["https:\/\/co.pinterest.com\/geekinecom\/"],"description":"O Geekine \u00e9 o seu universo geek de tecnologia, videogames, gadgets, aplicativos, filmes e ci\u00eancia. Publicamos not\u00edcias atualizadas, an\u00e1lises de especialistas e resenhas em ingl\u00eas.","publishingPrinciples":"https:\/\/geekine.com\/terminos-y-condiciones\/"},{"@type":"Person","@id":"https:\/\/geekine.com\/#\/schema\/person\/531c52a07ec1bc7ccad71f2589e33bbb","name":"Sofia Gonz\u00e1lez","image":{"@type":"ImageObject","inLanguage":"pt-BR","@id":"https:\/\/secure.gravatar.com\/avatar\/1a55ee5c9f65f0c6e4d0306c2ebd8056e6c7626532d2a95ba22aa951b4b66a60?s=96&d=mm&r=g60b438b2bea97b437c54c78237726793","url":"https:\/\/secure.gravatar.com\/avatar\/1a55ee5c9f65f0c6e4d0306c2ebd8056e6c7626532d2a95ba22aa951b4b66a60?s=96&d=mm&r=g","contentUrl":"https:\/\/secure.gravatar.com\/avatar\/1a55ee5c9f65f0c6e4d0306c2ebd8056e6c7626532d2a95ba22aa951b4b66a60?s=96&d=mm&r=g","caption":"Sofia Gonzalez"},"description":"Gosto de chocolate, coisas doces e tecnologia. N\u00e3o sou otaku, mas adoro animes, filmes, m\u00fasica e fotografia, e sou viciado em aventuras.","sameAs":["https:\/\/mivida-miviaje.blogspot.com\/"]}]}},"authors":[{"term_id":2509,"user_id":11324,"is_guest":0,"slug":"emisoft","display_name":"Sofia Gonzalez","avatar_url":"https:\/\/secure.gravatar.com\/avatar\/1a55ee5c9f65f0c6e4d0306c2ebd8056e6c7626532d2a95ba22aa951b4b66a60?s=96&d=mm&r=g","0":null,"1":"","2":"","3":"","4":"","5":"","6":"","7":"","8":""}],"_links":{"self":[{"href":"https:\/\/geekine.com\/pt\/wp-json\/wp\/v2\/posts\/2602","targetHints":{"allow":["GET"]}}],"collection":[{"href":"https:\/\/geekine.com\/pt\/wp-json\/wp\/v2\/posts"}],"about":[{"href":"https:\/\/geekine.com\/pt\/wp-json\/wp\/v2\/types\/post"}],"author":[{"embeddable":true,"href":"https:\/\/geekine.com\/pt\/wp-json\/wp\/v2\/users\/11324"}],"replies":[{"embeddable":true,"href":"https:\/\/geekine.com\/pt\/wp-json\/wp\/v2\/comments?post=2602"}],"version-history":[{"count":0,"href":"https:\/\/geekine.com\/pt\/wp-json\/wp\/v2\/posts\/2602\/revisions"}],"wp:featuredmedia":[{"embeddable":true,"href":"https:\/\/geekine.com\/pt\/wp-json\/wp\/v2\/media\/26810"}],"wp:attachment":[{"href":"https:\/\/geekine.com\/pt\/wp-json\/wp\/v2\/media?parent=2602"}],"wp:term":[{"taxonomy":"category","embeddable":true,"href":"https:\/\/geekine.com\/pt\/wp-json\/wp\/v2\/categories?post=2602"},{"taxonomy":"post_tag","embeddable":true,"href":"https:\/\/geekine.com\/pt\/wp-json\/wp\/v2\/tags?post=2602"},{"taxonomy":"tmauthors","embeddable":true,"href":"https:\/\/geekine.com\/pt\/wp-json\/wp\/v2\/tmauthors?post=2602"},{"taxonomy":"author","embeddable":true,"href":"https:\/\/geekine.com\/pt\/wp-json\/wp\/v2\/ppma_author?post=2602"}],"curies":[{"name":"wp","href":"https:\/\/api.w.org\/{rel}","templated":true}]}}