{"id":434,"date":"2018-04-13T13:42:44","date_gmt":"2018-04-13T18:42:44","guid":{"rendered":"https:\/\/www.geekine.com\/sin-categoria\/the-reflection-un-anime-creado-por-stan-lee\/"},"modified":"2026-01-15T23:21:32","modified_gmt":"2026-01-16T04:21:32","slug":"the-reflection-um-anime-criado-por-stan-lee","status":"publish","type":"post","link":"https:\/\/geekine.com\/pt\/the-reflection-um-anime-criado-por-stan-lee\/","title":{"rendered":"The Reflection: Um anime criado por Stan Lee"},"content":{"rendered":"<p class=\"ai-optimize-6 ai-optimize-introduction\">Alguns meses atr\u00e1s, <strong>Stan Lee emocionou os f\u00e3s de hist\u00f3rias em quadrinhos ao apresentar<\/strong> seu novo t\u00edtulo: <strong>A Reflex\u00e3o<\/strong>Desta vez, o escritor se uniu ao diretor Hiroshi Nagahama, Pow! Entertainment e Studio Deen para criar <b>uma hist\u00f3ria pol\u00eamica no melhor estilo de anima\u00e7\u00e3o japonesa.<\/b><\/p>\n<p class=\"ai-optimize-7\">A Reflex\u00e3o, <strong>nos apresenta um mundo afetado por uma cat\u00e1strofe<\/strong>\u00a0ocorreu alguns anos antes. Onde <strong>um grande n\u00famero de pessoas adquiriu superpoderes.<\/strong> Mas cada um refletiu escolhia seu caminho, seja como <strong>super-her\u00f3is ou a escurid\u00e3o da vilania.<\/strong><\/p>\n<p class=\"ai-optimize-8\">\n<p class=\"ai-optimize-9\">\u00c0 medida que a trama se desenvolve, podemos perceber que a s\u00e9rie<strong> Possui um estilo de desenho semelhante aos quadrinhos americanos,<\/strong> destacando o design dos personagens, embora voc\u00ea<strong>n um tanto sombrio, no entanto,<\/strong>\u00a0deles <strong>os movimentos s\u00e3o semelhantes aos do anime<\/strong>. Embora seja uma trama, talvez repetida, de indiv\u00edduos com superpoderes contra vil\u00f5es, <strong>\u00c9 uma hist\u00f3ria cativante.<\/strong><\/p>\n<p class=\"ai-optimize-10\">Outro componente que estamos acostumados em animes \u00e9 <strong>sua m\u00fasica,<\/strong> e este n\u00e3o \u00e9 exce\u00e7\u00e3o, com<strong> um excelente tema de abertura de Trevor Horn chamado Sky Show-<\/strong> Nem preciso dizer que o resto da trilha sonora \u00e9 muito bom. Ela tamb\u00e9m \u00e9 introduzida nos momentos certos, refletindo os acontecimentos das cenas.<\/p>\n<h2 class=\"ai-optimize-11\">Variedade de personagens<\/h2>\n<p class=\"ai-optimize-12\">\n<p class=\"ai-optimize-13\">Um ponto a que estamos acostumados com Stan Lee \u00e9 que <strong>seus personagens t\u00eam profundidade<\/strong>. Assim, entre os protagonistas da s\u00e9rie est\u00e1,<strong> X-On<\/strong>, que adquiriu<strong> a capacidade de copiar os poderes de outras pessoas<\/strong>, se voc\u00ea toc\u00e1-los por 3 segundos.<\/p>\n<p class=\"ai-optimize-14\">Assim como,<strong> Eu-Cara<\/strong>, \u00e9 um cantor de rock que luta com uma armadura e p<strong>Ele pode gerar explos\u00f5es chocantes com sua voz sobre-humana.<\/strong>Para te ajudar, voc\u00ea tem <b>Leonor<\/b>, uma jovem que se identifica com os her\u00f3is e possui<b> o poder de se teletransportar por curtas dist\u00e2ncias<\/b>, bem como habilidades incr\u00edveis de computa\u00e7\u00e3o e coleta de informa\u00e7\u00f5es.<\/p>\n<p class=\"ai-optimize-15\">Tamb\u00e9m \u00e9 <strong>Lisa<\/strong>, uma jovem mulher limitada a uma cadeira de rodas, por\u00e9m, \u00e9 uma atleta muito boa em corridas de velocidade. Ap\u00f3s o evento, ela obteve <b>o poder de transformar sua cadeira de rodas em um rob\u00f4 colossal.<\/b><\/p>\n<p class=\"ai-optimize-16\">Por outro lado, <strong>Espectro<\/strong>, l\u00edder da Escurid\u00e3o,<strong> tem a capacidade de projetar na mente das pessoas<\/strong>, apenas o que ele quer que vejam de sua pessoa.<\/p>\n<p class=\"ai-optimize-17\">Dessa forma, conforme a s\u00e9rie avan\u00e7a, mais personagens v\u00e3o aparecendo, entre eles <strong>Sr. Mystic, que se parece com Stan Lee<\/strong>, mantendo assim a tradi\u00e7\u00e3o de aparecer em suas cria\u00e7\u00f5es, e dessa vez, n\u00e3o \u00e9 apenas uma participa\u00e7\u00e3o especial, \u00e9 muito mais.<\/p>\n<h2 class=\"ai-optimize-18\">Boas not\u00edcias para os f\u00e3s de The Reflection<\/h2>\n<figure id=\"attachment_6736\" aria-describedby=\"caption-attachment-6736\" style=\"width: 800px\" class=\"wp-caption aligncenter\"><img loading=\"lazy\" decoding=\"async\" class=\"wp-image-6736 size-full\" src=\"https:\/\/www.geekine.com\/wp-content\/uploads\/2024\/10\/qheronet-stan-lee-y-el-anime-the-reflecction-1.jpg\" alt=\"\" width=\"800\" height=\"420\" \/><figcaption id=\"caption-attachment-6736\" class=\"wp-caption-text\">Boas not\u00edcias para os f\u00e3s de The Reflection: a s\u00e9rie ganhar\u00e1 uma nova temporada | Imagem: Twitter<\/figcaption><\/figure>\n<p class=\"ai-optimize-19\">A estreia do anime foi <strong>em 22 de julho de 2017 no Jap\u00e3o.<\/strong> Todos os 12 epis\u00f3dios da s\u00e9rie foram transmitidos <strong>pela rede NHK<\/strong> e para o resto do mundo por sites especializados <strong><a href=\"https:\/\/geekine.com\/pt\/cinema-e-televisao\/o-menino-e-a-garca-a-nova-obra-prima-do-studio-ghibli\/\">anime<\/a><\/strong>.<\/p>\n<p class=\"ai-optimize-20\">Para a boa not\u00edcia de todos, <strong>Hiroshi Nagahama na Tokyo Comic Con<\/strong>, em 2 de dezembro de 2017, <strong>anunciaram que est\u00e3o tentando fazer uma sequ\u00eancia<\/strong>Ele tamb\u00e9m explicou que eles querem se aprofundar nas hist\u00f3rias de v\u00e1rios personagens da s\u00e9rie. Talvez outros personagens apare\u00e7am. No entanto, ele n\u00e3o deu uma data de lan\u00e7amento. Esperamos que Stan Lee anuncie isso mais tarde.<\/p>\n<p class=\"ai-optimize-21\">Sim, ok, <strong>O enredo de The Reflection pode ser um pouco repetitivo,<\/strong> de indiv\u00edduos superpoderosos contra vil\u00f5es. <strong>\u00c9 uma hist\u00f3ria que vai cativar voc\u00ea.<\/strong>. Conte para n\u00f3s, caro leitor, nos coment\u00e1rios se voc\u00ea j\u00e1 viu a s\u00e9rie e se gostou.<\/p>\n<p class=\"ai-optimize-22\">Imagem: <em><a data-original-href=\"https:\/\/x.com\/RFLC_anime\/status\/930988823323877377\" href=\"https:\/\/xuo.us\/LHQyu\" target=\"_blank\" rel=\"nofollow noopener noreferrer external\">Twitter oficial<\/a><\/em><\/p>","protected":false},"excerpt":{"rendered":"<p>Hace unos meses, Stan Lee emocion\u00f3 a los seguidores de comics al presentar su nuevo t\u00edtulo: The Reflection. \u00a1Esta vez el escritor se junt\u00f3 con el director Hiroshi Nagahama, la empresa Pow! Entertainment y Studio Deen para crear una controversial historia al mejor estilo de la animaci\u00f3n japonesa. The Reflection, nos presenta un mundo afectado por una cat\u00e1strofe\u00a0ocurrida unos a\u00f1os antes. Donde una gran cantidad de personas adquirieron superpoderes. Pero cada reflectado eligi\u00f3 su camino, ya sea&#8230;<\/p>","protected":false},"author":13950,"featured_media":24960,"comment_status":"open","ping_status":"closed","sticky":false,"template":"","format":"standard","meta":{"googlesitekit_rrm_CAowjZ7eCw:productID":"","footnotes":""},"categories":[121],"tags":[192,69,46,320,321],"tmauthors":[],"ppma_author":[2505],"class_list":{"0":"post-434","1":"post","2":"type-post","3":"status-publish","4":"format-standard","5":"has-post-thumbnail","7":"category-anime-y-comics","8":"tag-anime","9":"tag-comics","10":"tag-nuevo","11":"tag-stan-lee","12":"tag-the-reflection"},"yoast_head":"<!-- This site is optimized with the Yoast SEO Premium plugin v26.7 (Yoast SEO v27.5) - https:\/\/yoast.com\/product\/yoast-seo-premium-wordpress\/ -->\n<title>The Reflection: Un anime creado por Stan Lee | Geekine.com<\/title>\n<meta name=\"description\" content=\"Hace unos meses, Stan Lee emocion\u00f3 a los seguidores de comics al presentar su nuevo t\u00edtulo: The Reflection. \u00a1Esta vez el escritor se junt\u00f3 con el director Hiroshi Nagahama, la empresa Pow! Entertainment y Studio Deen para crear una controversial historia al mejor estilo de la animaci\u00f3n japonesa. The Reflection, nos presenta un mundo afectado por una cat\u00e1strofe\u00a0ocurrida unos a\u00f1os antes. Donde una gran cantidad de personas adquirieron superpoderes. Pero cada reflectado eligi\u00f3 su camino, ya sea...\" \/>\n<meta name=\"robots\" content=\"index, follow, max-snippet:-1, max-image-preview:large, max-video-preview:-1\" \/>\n<link rel=\"canonical\" href=\"https:\/\/geekine.com\/pt\/the-reflection-um-anime-criado-por-stan-lee\/\" \/>\n<meta property=\"og:locale\" content=\"pt_BR\" \/>\n<meta property=\"og:type\" content=\"article\" \/>\n<meta property=\"og:title\" content=\"The Reflection: Un anime creado por Stan Lee\" \/>\n<meta property=\"og:description\" content=\"Hace unos meses, Stan Lee emocion\u00f3 a los seguidores de comics al presentar su nuevo t\u00edtulo: The Reflection. \u00a1Esta vez el escritor se junt\u00f3 con el director Hiroshi Nagahama, la empresa Pow! Entertainment y Studio Deen para crear una controversial historia al mejor estilo de la animaci\u00f3n japonesa. The Reflection, nos presenta un mundo afectado por una cat\u00e1strofe\u00a0ocurrida unos a\u00f1os antes. Donde una gran cantidad de personas adquirieron superpoderes. Pero cada reflectado eligi\u00f3 su camino, ya sea...\" \/>\n<meta property=\"og:url\" content=\"https:\/\/geekine.com\/pt\/the-reflection-um-anime-criado-por-stan-lee\/\" \/>\n<meta property=\"og:site_name\" content=\"Geekine: Tecnolog\u00eda, Videojuegos, Gadgets, Apps, Cine y Ciencia\" \/>\n<meta property=\"article:published_time\" content=\"2018-04-13T18:42:44+00:00\" \/>\n<meta property=\"article:modified_time\" content=\"2026-01-16T04:21:32+00:00\" \/>\n<meta property=\"og:image\" content=\"https:\/\/geekine.com\/wp-content\/uploads\/2024\/10\/qheronet-the-reflection-un-anime-creado-por-stan-lee-1.jpg\" \/>\n\t<meta property=\"og:image:width\" content=\"1\" \/>\n\t<meta property=\"og:image:height\" content=\"1\" \/>\n\t<meta property=\"og:image:type\" content=\"image\/jpeg\" \/>\n<meta name=\"author\" content=\"Hector Pellegatti\" \/>\n<meta name=\"twitter:card\" content=\"summary_large_image\" \/>\n<meta name=\"twitter:label1\" content=\"Escrito por\" \/>\n\t<meta name=\"twitter:data1\" content=\"Hector Pellegatti\" \/>\n\t<meta name=\"twitter:label2\" content=\"Est. tempo de leitura\" \/>\n\t<meta name=\"twitter:data2\" content=\"4 minutos\" \/>\n<script type=\"application\/ld+json\" class=\"yoast-schema-graph\">{\"@context\":\"https:\\\/\\\/schema.org\",\"@graph\":[{\"@type\":[\"Article\",\"BlogPosting\"],\"@id\":\"https:\\\/\\\/geekine.com\\\/the-reflection-un-anime-creado-por-stan-lee\\\/#article\",\"isPartOf\":{\"@id\":\"https:\\\/\\\/geekine.com\\\/the-reflection-un-anime-creado-por-stan-lee\\\/\"},\"author\":{\"name\":\"Hector Pellegatti\",\"@id\":\"https:\\\/\\\/geekine.com\\\/#\\\/schema\\\/person\\\/e621c3c83fdb2deafc9f0cd29cf6bb94\"},\"headline\":\"The Reflection: Un anime creado por Stan Lee\",\"datePublished\":\"2018-04-13T18:42:44+00:00\",\"dateModified\":\"2026-01-16T04:21:32+00:00\",\"mainEntityOfPage\":{\"@id\":\"https:\\\/\\\/geekine.com\\\/the-reflection-un-anime-creado-por-stan-lee\\\/\"},\"wordCount\":635,\"commentCount\":0,\"publisher\":{\"@id\":\"https:\\\/\\\/geekine.com\\\/#organization\"},\"image\":{\"@id\":\"https:\\\/\\\/geekine.com\\\/the-reflection-un-anime-creado-por-stan-lee\\\/#primaryimage\"},\"thumbnailUrl\":\"https:\\\/\\\/geekine.com\\\/wp-content\\\/uploads\\\/2024\\\/10\\\/qheronet-the-reflection-un-anime-creado-por-stan-lee-1.jpg\",\"keywords\":[\"anime\",\"comics\",\"nuevo\",\"stan lee\",\"the reflection\"],\"articleSection\":[\"Anime y C\u00f3mics\"],\"inLanguage\":\"pt-BR\",\"potentialAction\":[{\"@type\":\"CommentAction\",\"name\":\"Comment\",\"target\":[\"https:\\\/\\\/geekine.com\\\/the-reflection-un-anime-creado-por-stan-lee\\\/#respond\"]}]},{\"@type\":\"WebPage\",\"@id\":\"https:\\\/\\\/geekine.com\\\/the-reflection-un-anime-creado-por-stan-lee\\\/\",\"url\":\"https:\\\/\\\/geekine.com\\\/the-reflection-un-anime-creado-por-stan-lee\\\/\",\"name\":\"The Reflection: Un anime creado por Stan Lee | Geekine.com\",\"isPartOf\":{\"@id\":\"https:\\\/\\\/geekine.com\\\/#website\"},\"primaryImageOfPage\":{\"@id\":\"https:\\\/\\\/geekine.com\\\/the-reflection-un-anime-creado-por-stan-lee\\\/#primaryimage\"},\"thumbnailUrl\":\"https:\\\/\\\/geekine.com\\\/wp-content\\\/uploads\\\/2024\\\/10\\\/qheronet-the-reflection-un-anime-creado-por-stan-lee-1.jpg\",\"datePublished\":\"2018-04-13T18:42:44+00:00\",\"dateModified\":\"2026-01-16T04:21:32+00:00\",\"description\":\"Hace unos meses, Stan Lee emocion\u00f3 a los seguidores de comics al presentar su nuevo t\u00edtulo: The Reflection. \u00a1Esta vez el escritor se junt\u00f3 con el director Hiroshi Nagahama, la empresa Pow! Entertainment y Studio Deen para crear una controversial historia al mejor estilo de la animaci\u00f3n japonesa. The Reflection, nos presenta un mundo afectado por una cat\u00e1strofe\u00a0ocurrida unos a\u00f1os antes. Donde una gran cantidad de personas adquirieron superpoderes. Pero cada reflectado eligi\u00f3 su camino, ya sea...\",\"breadcrumb\":{\"@id\":\"https:\\\/\\\/geekine.com\\\/the-reflection-un-anime-creado-por-stan-lee\\\/#breadcrumb\"},\"inLanguage\":\"pt-BR\",\"potentialAction\":[{\"@type\":\"ReadAction\",\"target\":[\"https:\\\/\\\/geekine.com\\\/the-reflection-un-anime-creado-por-stan-lee\\\/\"]}]},{\"@type\":\"ImageObject\",\"inLanguage\":\"pt-BR\",\"@id\":\"https:\\\/\\\/geekine.com\\\/the-reflection-un-anime-creado-por-stan-lee\\\/#primaryimage\",\"url\":\"https:\\\/\\\/geekine.com\\\/wp-content\\\/uploads\\\/2024\\\/10\\\/qheronet-the-reflection-un-anime-creado-por-stan-lee-1.jpg\",\"contentUrl\":\"https:\\\/\\\/geekine.com\\\/wp-content\\\/uploads\\\/2024\\\/10\\\/qheronet-the-reflection-un-anime-creado-por-stan-lee-1.jpg\",\"caption\":\"Qheronet The Reflection Un Anime Creado Por Stan Lee 1\"},{\"@type\":\"BreadcrumbList\",\"@id\":\"https:\\\/\\\/geekine.com\\\/the-reflection-un-anime-creado-por-stan-lee\\\/#breadcrumb\",\"itemListElement\":[{\"@type\":\"ListItem\",\"position\":1,\"name\":\"Inicio\",\"item\":\"https:\\\/\\\/geekine.com\\\/\"},{\"@type\":\"ListItem\",\"position\":2,\"name\":\"Anime y C\u00f3mics\",\"item\":\"https:\\\/\\\/geekine.com\\\/categoria\\\/anime-y-comics\\\/\"},{\"@type\":\"ListItem\",\"position\":3,\"name\":\"The Reflection: Un anime creado por Stan Lee\"}]},{\"@type\":\"WebSite\",\"@id\":\"https:\\\/\\\/geekine.com\\\/#website\",\"url\":\"https:\\\/\\\/geekine.com\\\/\",\"name\":\"Geekine\",\"description\":\"Tecnolog\u00eda, Videojuegos, Gadgets, Apps, Cine y Ciencia\",\"publisher\":{\"@id\":\"https:\\\/\\\/geekine.com\\\/#organization\"},\"alternateName\":\"Geekine.com\",\"potentialAction\":[{\"@type\":\"SearchAction\",\"target\":{\"@type\":\"EntryPoint\",\"urlTemplate\":\"https:\\\/\\\/geekine.com\\\/?s={search_term_string}\"},\"query-input\":{\"@type\":\"PropertyValueSpecification\",\"valueRequired\":true,\"valueName\":\"search_term_string\"}}],\"inLanguage\":\"pt-BR\"},{\"@type\":\"Organization\",\"@id\":\"https:\\\/\\\/geekine.com\\\/#organization\",\"name\":\"Geekine\",\"alternateName\":\"Geekine.com\",\"url\":\"https:\\\/\\\/geekine.com\\\/\",\"logo\":{\"@type\":\"ImageObject\",\"inLanguage\":\"pt-BR\",\"@id\":\"https:\\\/\\\/geekine.com\\\/#\\\/schema\\\/logo\\\/image\\\/\",\"url\":null,\"contentUrl\":null,\"width\":null,\"height\":null,\"caption\":\"Geekine\"},\"image\":{\"@id\":\"https:\\\/\\\/geekine.com\\\/#\\\/schema\\\/logo\\\/image\\\/\"},\"sameAs\":[\"https:\\\/\\\/co.pinterest.com\\\/geekinecom\\\/\"],\"description\":\"Geekine es tu universo geek de tecnolog\u00eda, videojuegos, gadgets, apps, cine y ciencia. Publicamos noticias frescas, an\u00e1lisis expertos y rese\u00f1as en espa\u00f1ol.\",\"publishingPrinciples\":\"https:\\\/\\\/geekine.com\\\/terminos-y-condiciones\\\/\"},{\"@type\":\"Person\",\"@id\":\"https:\\\/\\\/geekine.com\\\/#\\\/schema\\\/person\\\/e621c3c83fdb2deafc9f0cd29cf6bb94\",\"name\":\"Hector Pellegatti\",\"image\":{\"@type\":\"ImageObject\",\"inLanguage\":\"pt-BR\",\"@id\":\"https:\\\/\\\/secure.gravatar.com\\\/avatar\\\/c0fdfb5971574e8b9bd97567fc04bd680f7a6e32cf93675af36cbf6ef8b39aab?s=96&d=mm&r=gcb620f79e740280707c50a52b14e7ffd\",\"url\":\"https:\\\/\\\/secure.gravatar.com\\\/avatar\\\/c0fdfb5971574e8b9bd97567fc04bd680f7a6e32cf93675af36cbf6ef8b39aab?s=96&d=mm&r=g\",\"contentUrl\":\"https:\\\/\\\/secure.gravatar.com\\\/avatar\\\/c0fdfb5971574e8b9bd97567fc04bd680f7a6e32cf93675af36cbf6ef8b39aab?s=96&d=mm&r=g\",\"caption\":\"Hector Pellegatti\"},\"description\":\"Me fascina la m\u00fasica, la fotograf\u00eda, leer buenos libros, comics. Me encanta conocer nuevos lugares y as\u00ed disfrutar la estad\u00eda en nuestro bonito planeta. Coleccionista de art\u00edculos cl\u00e1sicos y de agradables momentos.\",\"sameAs\":[\"https:\\\/\\\/qhero.net\"]}]}<\/script>\n<!-- \/ Yoast SEO Premium plugin. -->","yoast_head_json":{"title":"O Reflexo: Um anime criado por Stan Lee | Geekine.com","description":"H\u00e1 alguns meses, Stan Lee emocionou os f\u00e3s de quadrinhos ao revelar seu novo t\u00edtulo: The Reflection. Desta vez, o escritor se uniu ao diretor Hiroshi Nagahama, \u00e0 Pow! Entertainment e ao Studio Deen para criar uma hist\u00f3ria controversa no estilo da anima\u00e7\u00e3o japonesa. The Reflection apresenta um mundo afetado por uma cat\u00e1strofe ocorrida anos antes, na qual um grande n\u00famero de pessoas adquiriu superpoderes. Mas cada pessoa que se tornou um Reflection escolheu seu pr\u00f3prio caminho, seja...","robots":{"index":"index","follow":"follow","max-snippet":"max-snippet:-1","max-image-preview":"max-image-preview:large","max-video-preview":"max-video-preview:-1"},"canonical":"https:\/\/geekine.com\/pt\/the-reflection-um-anime-criado-por-stan-lee\/","og_locale":"pt_BR","og_type":"article","og_title":"The Reflection: Un anime creado por Stan Lee","og_description":"Hace unos meses, Stan Lee emocion\u00f3 a los seguidores de comics al presentar su nuevo t\u00edtulo: The Reflection. \u00a1Esta vez el escritor se junt\u00f3 con el director Hiroshi Nagahama, la empresa Pow! Entertainment y Studio Deen para crear una controversial historia al mejor estilo de la animaci\u00f3n japonesa. The Reflection, nos presenta un mundo afectado por una cat\u00e1strofe\u00a0ocurrida unos a\u00f1os antes. Donde una gran cantidad de personas adquirieron superpoderes. Pero cada reflectado eligi\u00f3 su camino, ya sea...","og_url":"https:\/\/geekine.com\/pt\/the-reflection-um-anime-criado-por-stan-lee\/","og_site_name":"Geekine: Tecnolog\u00eda, Videojuegos, Gadgets, Apps, Cine y Ciencia","article_published_time":"2018-04-13T18:42:44+00:00","article_modified_time":"2026-01-16T04:21:32+00:00","og_image":[{"url":"https:\/\/geekine.com\/wp-content\/uploads\/2024\/10\/qheronet-the-reflection-un-anime-creado-por-stan-lee-1.jpg","width":1,"height":1,"type":"image\/jpeg"}],"author":"Hector Pellegatti","twitter_card":"summary_large_image","twitter_misc":{"Escrito por":"Hector Pellegatti","Est. tempo de leitura":"4 minutos"},"schema":{"@context":"https:\/\/schema.org","@graph":[{"@type":["Article","BlogPosting"],"@id":"https:\/\/geekine.com\/the-reflection-un-anime-creado-por-stan-lee\/#article","isPartOf":{"@id":"https:\/\/geekine.com\/the-reflection-un-anime-creado-por-stan-lee\/"},"author":{"name":"Hector Pellegatti","@id":"https:\/\/geekine.com\/#\/schema\/person\/e621c3c83fdb2deafc9f0cd29cf6bb94"},"headline":"The Reflection: Un anime creado por Stan Lee","datePublished":"2018-04-13T18:42:44+00:00","dateModified":"2026-01-16T04:21:32+00:00","mainEntityOfPage":{"@id":"https:\/\/geekine.com\/the-reflection-un-anime-creado-por-stan-lee\/"},"wordCount":635,"commentCount":0,"publisher":{"@id":"https:\/\/geekine.com\/#organization"},"image":{"@id":"https:\/\/geekine.com\/the-reflection-un-anime-creado-por-stan-lee\/#primaryimage"},"thumbnailUrl":"https:\/\/geekine.com\/wp-content\/uploads\/2024\/10\/qheronet-the-reflection-un-anime-creado-por-stan-lee-1.jpg","keywords":["anime","comics","nuevo","stan lee","the reflection"],"articleSection":["Anime y C\u00f3mics"],"inLanguage":"pt-BR","potentialAction":[{"@type":"CommentAction","name":"Comment","target":["https:\/\/geekine.com\/the-reflection-un-anime-creado-por-stan-lee\/#respond"]}]},{"@type":"WebPage","@id":"https:\/\/geekine.com\/the-reflection-un-anime-creado-por-stan-lee\/","url":"https:\/\/geekine.com\/the-reflection-un-anime-creado-por-stan-lee\/","name":"O Reflexo: Um anime criado por Stan Lee | Geekine.com","isPartOf":{"@id":"https:\/\/geekine.com\/#website"},"primaryImageOfPage":{"@id":"https:\/\/geekine.com\/the-reflection-un-anime-creado-por-stan-lee\/#primaryimage"},"thumbnailUrl":"https:\/\/geekine.com\/wp-content\/uploads\/2024\/10\/qheronet-the-reflection-un-anime-creado-por-stan-lee-1.jpg","datePublished":"2018-04-13T18:42:44+00:00","dateModified":"2026-01-16T04:21:32+00:00","description":"H\u00e1 alguns meses, Stan Lee emocionou os f\u00e3s de quadrinhos ao revelar seu novo t\u00edtulo: The Reflection. Desta vez, o escritor se uniu ao diretor Hiroshi Nagahama, \u00e0 Pow! Entertainment e ao Studio Deen para criar uma hist\u00f3ria controversa no estilo da anima\u00e7\u00e3o japonesa. The Reflection apresenta um mundo afetado por uma cat\u00e1strofe ocorrida anos antes, na qual um grande n\u00famero de pessoas adquiriu superpoderes. Mas cada pessoa que se tornou um Reflection escolheu seu pr\u00f3prio caminho, seja...","breadcrumb":{"@id":"https:\/\/geekine.com\/the-reflection-un-anime-creado-por-stan-lee\/#breadcrumb"},"inLanguage":"pt-BR","potentialAction":[{"@type":"ReadAction","target":["https:\/\/geekine.com\/the-reflection-un-anime-creado-por-stan-lee\/"]}]},{"@type":"ImageObject","inLanguage":"pt-BR","@id":"https:\/\/geekine.com\/the-reflection-un-anime-creado-por-stan-lee\/#primaryimage","url":"https:\/\/geekine.com\/wp-content\/uploads\/2024\/10\/qheronet-the-reflection-un-anime-creado-por-stan-lee-1.jpg","contentUrl":"https:\/\/geekine.com\/wp-content\/uploads\/2024\/10\/qheronet-the-reflection-un-anime-creado-por-stan-lee-1.jpg","caption":"Qheronet The Reflection Un Anime Creado Por Stan Lee 1"},{"@type":"BreadcrumbList","@id":"https:\/\/geekine.com\/the-reflection-un-anime-creado-por-stan-lee\/#breadcrumb","itemListElement":[{"@type":"ListItem","position":1,"name":"Inicio","item":"https:\/\/geekine.com\/"},{"@type":"ListItem","position":2,"name":"Anime y C\u00f3mics","item":"https:\/\/geekine.com\/categoria\/anime-y-comics\/"},{"@type":"ListItem","position":3,"name":"The Reflection: Un anime creado por Stan Lee"}]},{"@type":"WebSite","@id":"https:\/\/geekine.com\/#website","url":"https:\/\/geekine.com\/","name":"Geekine","description":"Tecnologia, videogames, gadgets, aplicativos, filmes e ci\u00eancia","publisher":{"@id":"https:\/\/geekine.com\/#organization"},"alternateName":"Geekine.com","potentialAction":[{"@type":"SearchAction","target":{"@type":"EntryPoint","urlTemplate":"https:\/\/geekine.com\/?s={search_term_string}"},"query-input":{"@type":"PropertyValueSpecification","valueRequired":true,"valueName":"search_term_string"}}],"inLanguage":"pt-BR"},{"@type":"Organization","@id":"https:\/\/geekine.com\/#organization","name":"Geekine","alternateName":"Geekine.com","url":"https:\/\/geekine.com\/","logo":{"@type":"ImageObject","inLanguage":"pt-BR","@id":"https:\/\/geekine.com\/#\/schema\/logo\/image\/","url":null,"contentUrl":null,"width":null,"height":null,"caption":"Geekine"},"image":{"@id":"https:\/\/geekine.com\/#\/schema\/logo\/image\/"},"sameAs":["https:\/\/co.pinterest.com\/geekinecom\/"],"description":"O Geekine \u00e9 o seu universo geek de tecnologia, videogames, gadgets, aplicativos, filmes e ci\u00eancia. Publicamos not\u00edcias atualizadas, an\u00e1lises de especialistas e resenhas em ingl\u00eas.","publishingPrinciples":"https:\/\/geekine.com\/terminos-y-condiciones\/"},{"@type":"Person","@id":"https:\/\/geekine.com\/#\/schema\/person\/e621c3c83fdb2deafc9f0cd29cf6bb94","name":"Heitor Pellegatti","image":{"@type":"ImageObject","inLanguage":"pt-BR","@id":"https:\/\/secure.gravatar.com\/avatar\/c0fdfb5971574e8b9bd97567fc04bd680f7a6e32cf93675af36cbf6ef8b39aab?s=96&d=mm&r=gcb620f79e740280707c50a52b14e7ffd","url":"https:\/\/secure.gravatar.com\/avatar\/c0fdfb5971574e8b9bd97567fc04bd680f7a6e32cf93675af36cbf6ef8b39aab?s=96&d=mm&r=g","contentUrl":"https:\/\/secure.gravatar.com\/avatar\/c0fdfb5971574e8b9bd97567fc04bd680f7a6e32cf93675af36cbf6ef8b39aab?s=96&d=mm&r=g","caption":"Hector Pellegatti"},"description":"Adoro m\u00fasica, fotografia, ler bons livros e hist\u00f3rias em quadrinhos. Adoro explorar novos lugares e aproveitar meu tempo em nosso lindo planeta. Sou colecionador de itens cl\u00e1ssicos e mem\u00f3rias agrad\u00e1veis.","sameAs":["https:\/\/qhero.net"]}]}},"authors":[{"term_id":2505,"user_id":13950,"is_guest":0,"slug":"hec-p","display_name":"Hector Pellegatti","avatar_url":"https:\/\/secure.gravatar.com\/avatar\/c0fdfb5971574e8b9bd97567fc04bd680f7a6e32cf93675af36cbf6ef8b39aab?s=96&d=mm&r=g","0":null,"1":"","2":"","3":"","4":"","5":"","6":"","7":"","8":""}],"_links":{"self":[{"href":"https:\/\/geekine.com\/pt\/wp-json\/wp\/v2\/posts\/434","targetHints":{"allow":["GET"]}}],"collection":[{"href":"https:\/\/geekine.com\/pt\/wp-json\/wp\/v2\/posts"}],"about":[{"href":"https:\/\/geekine.com\/pt\/wp-json\/wp\/v2\/types\/post"}],"author":[{"embeddable":true,"href":"https:\/\/geekine.com\/pt\/wp-json\/wp\/v2\/users\/13950"}],"replies":[{"embeddable":true,"href":"https:\/\/geekine.com\/pt\/wp-json\/wp\/v2\/comments?post=434"}],"version-history":[{"count":0,"href":"https:\/\/geekine.com\/pt\/wp-json\/wp\/v2\/posts\/434\/revisions"}],"wp:featuredmedia":[{"embeddable":true,"href":"https:\/\/geekine.com\/pt\/wp-json\/wp\/v2\/media\/24960"}],"wp:attachment":[{"href":"https:\/\/geekine.com\/pt\/wp-json\/wp\/v2\/media?parent=434"}],"wp:term":[{"taxonomy":"category","embeddable":true,"href":"https:\/\/geekine.com\/pt\/wp-json\/wp\/v2\/categories?post=434"},{"taxonomy":"post_tag","embeddable":true,"href":"https:\/\/geekine.com\/pt\/wp-json\/wp\/v2\/tags?post=434"},{"taxonomy":"tmauthors","embeddable":true,"href":"https:\/\/geekine.com\/pt\/wp-json\/wp\/v2\/tmauthors?post=434"},{"taxonomy":"author","embeddable":true,"href":"https:\/\/geekine.com\/pt\/wp-json\/wp\/v2\/ppma_author?post=434"}],"curies":[{"name":"wp","href":"https:\/\/api.w.org\/{rel}","templated":true}]}}