{"id":713,"date":"2019-04-12T17:13:15","date_gmt":"2019-04-12T22:13:15","guid":{"rendered":"https:\/\/www.geekine.com\/sin-categoria\/powehi-el-primer-agujero-negro-fotografiado\/"},"modified":"2026-01-15T23:36:39","modified_gmt":"2026-01-16T04:36:39","slug":"powehi-o-primeiro-buraco-negro-fotografado","status":"publish","type":"post","link":"https:\/\/geekine.com\/pt\/powehi-o-primeiro-buraco-negro-fotografado\/","title":{"rendered":"Powehi: O primeiro buraco negro fotografado"},"content":{"rendered":"<p class=\"ai-optimize-6 ai-optimize-introduction\">Um dos <strong>maiores quest\u00f5es para a comunidade cient\u00edfica<\/strong> mundialmente relacionado ao espa\u00e7o, foi revelado. Sim, <a href=\"https:\/\/geekine.com\/pt\/ciencia_y_salud\/mito-realidad-nibiru-va-destruir-la-tierra\/\">astr\u00f4nomos<\/a>, astrof\u00edsicos e at\u00e9 amadores se perguntavam como eles realmente eram.<strong> Estamos falando de um buraco negro<\/strong> E antes de tudo, as imagens que foram vistas eram simula\u00e7\u00f5es baseadas em modelos te\u00f3ricos, seguindo as leis f\u00edsicas que conhecemos.<\/p>\r\n<p class=\"ai-optimize-7\">Agora, o <strong>Buracos negros s\u00e3o corpos celestes com grande massa em um volume muito pequeno.<\/strong>Como sua massa interna \u00e9 muito densa e alta, um campo gravitacional t\u00e3o forte \u00e9 gerado que nem mesmo a luz ou a mat\u00e9ria conseguem escapar dele.<\/p>\r\n<p class=\"ai-optimize-8\">Um exemplo disso seria se o nosso planeta tivesse o volume de uma bola de gude, mas o mesmo peso. Em outras palavras, seria um objeto muito pequeno e extremamente pesado.<\/p>\r\n<h2 class=\"ai-optimize-9\">Um evento hist\u00f3rico<\/h2>\r\n<p class=\"ai-optimize-10\"><span data-mce-type=\"bookmark\" style=\"width: 0px;overflow: hidden;line-height: 0\" class=\"mce_SELRES_start\"><\/span><\/p>\r\n<p class=\"ai-optimize-11\">No dia 10 de abril de 2019, \u00e0s 15h00, a <strong>Comiss\u00e3o Europeia<\/strong>, ele <strong>Conselho Europeu de Pesquisa<\/strong> e o <strong>Projeto Internacional de Telesc\u00f3pio de Horizonte de Eventos<\/strong> (EHT, por suas iniciais em ingl\u00eas) apresentou um resultado in\u00e9dito na observa\u00e7\u00e3o desses monstros espaciais.<\/p>\r\n<p class=\"ai-optimize-12\">Sendo a primeira vez que uma imagem de um buraco negro foi exibida, <strong>localizado a cerca de 55 milh\u00f5es de anos-luz de dist\u00e2ncia<\/strong>. Em um <strong>gal\u00e1xia massiva<\/strong>, chamada de <strong>Messier 87 (M87)<\/strong>, no Aglomerado de Virgem. Onde a \u00e1rea escura central \u00e9 a sombra deste gigante.<\/p>\r\n<p class=\"ai-optimize-13\">O buraco negro fotografado <strong>Ele foi batizado como Powehi<\/strong>O nome foi dado por <strong>Larry Kimura<\/strong>, um professor de l\u00edngua havaiana na Universidade do Hava\u00ed em Hilo. <strong>O significado<\/strong> refere-se a uma frase havaiana que significa <strong>\u201cfonte escura, embelezada com cria\u00e7\u00e3o infinita.\u201d<\/strong><\/p>\r\n<h2 class=\"ai-optimize-14\"><strong>Como eles obtiveram a imagem do buraco negro?<\/strong><\/h2>\r\n<figure id=\"attachment_10382\" aria-describedby=\"caption-attachment-10382\" style=\"width: 800px\" class=\"wp-caption aligncenter\"><img loading=\"lazy\" decoding=\"async\" class=\"wp-image-10382 size-full\" src=\"https:\/\/www.geekine.com\/wp-content\/uploads\/2024\/10\/qheronet-como-consiguieron-la-imagen-el-agujero-negro-1.jpg\" alt=\"Como eles obtiveram a imagem do buraco negro\" width=\"800\" height=\"420\" \/><figcaption id=\"caption-attachment-10382\" class=\"wp-caption-text\">Uma das imagens mais esperadas dos \u00faltimos anos. | Imagem: CSIC<\/figcaption><\/figure>\r\n<p class=\"ai-optimize-15\">Para capturar esta imagem, centenas de cientistas fizeram um esfor\u00e7o tremendo. Considerando que seria como fotografar um objeto do tamanho de uma laranja na Lua a partir do nosso planeta, tamb\u00e9m seria necess\u00e1ria uma resolu\u00e7\u00e3o boa o suficiente para reconhecer o alvo.<\/p>\r\n<p class=\"ai-optimize-16\">Ent\u00e3o,<strong> por 5 dias em abril de 2017<\/strong>, astr\u00f4nomos especializados <strong>Eles estavam observando com poderosos radiotelesc\u00f3pios ao redor do mundo<\/strong>. Dessa forma, eles funcionavam como um s\u00f3 e tinham o poder de um telesc\u00f3pio do tamanho do nosso planeta Terra.<\/p>\r\n<p class=\"ai-optimize-17\">Os radiotelesc\u00f3pios envolvidos na enorme pesquisa s\u00e3o os seguintes:<\/p>\r\n<figure id=\"attachment_10383\" aria-describedby=\"caption-attachment-10383\" style=\"width: 800px\" class=\"wp-caption aligncenter\"><img loading=\"lazy\" decoding=\"async\" class=\"wp-image-10383 size-full\" src=\"https:\/\/www.geekine.com\/wp-content\/uploads\/2024\/10\/qheronet-los-radiotelescopios-involucrados-en-la-descomunal-investigacion-son-los-siguientes-1.jpg\" alt=\"Os radiotelesc\u00f3pios envolvidos na grande pesquisa s\u00e3o os seguintes:\" width=\"800\" height=\"420\" \/><figcaption id=\"caption-attachment-10383\" class=\"wp-caption-text\">Os oito radiotelesc\u00f3pios ao redor do mundo s\u00e3o necess\u00e1rios para criar apenas um. | Imagem: CSIC<\/figcaption><\/figure>\r\n<ul>\r\n<li class=\"ai-optimize-18\">Telesc\u00f3pio submilim\u00e9trico (<a data-original-href=\"http:\/\/aro.as.arizona.edu\/\" href=\"https:\/\/xuo.us\/wWTqW\" target=\"_blank\" rel=\"nofollow noopener noreferrer external\">SMT<\/a>) no Arizona, Estados Unidos.<\/li>\r\n<li class=\"ai-optimize-19\">Telesc\u00f3pio James Clerk Maxwell (<a data-original-href=\"https:\/\/www.eaobservatory.org\/jcmt\/\" href=\"https:\/\/xuo.us\/SyAXG\" target=\"_blank\" rel=\"nofollow noopener noreferrer external\">JCMT<\/a>) e Matriz Submilim\u00e9trica (<a data-original-href=\"https:\/\/www.cfa.harvard.edu\/sma\/\" href=\"https:\/\/xuo.us\/CtfXR\" target=\"_blank\" rel=\"nofollow noopener noreferrer external\">SMA<\/a>), ambos no Hava\u00ed, Estados Unidos.<\/li>\r\n<li class=\"ai-optimize-20\">Tamb\u00e9m o Grande Telesc\u00f3pio Milim\u00e9trico (<a data-original-href=\"https:\/\/www.inaoep.mx\/\" href=\"https:\/\/xuo.us\/MRQfi\" target=\"_blank\" rel=\"nofollow noopener noreferrer external\">LMT<\/a>) do M\u00e9xico<\/li>\r\n<li class=\"ai-optimize-21\">O Atacama Large Millimeter\/submillimeter Array (<a data-original-href=\"https:\/\/www.almaobservatory.org\/en\/home\/\" href=\"https:\/\/xuo.us\/EuNgT\" target=\"_blank\" rel=\"nofollow noopener noreferrer external\">ALMA<\/a>) e Atacama Pathfinder EXPerimento (<a data-original-href=\"http:\/\/www.apex-telescope.org\/\" href=\"https:\/\/xuo.us\/UzrZA\" target=\"_blank\" rel=\"nofollow noopener noreferrer external\">\u00c1PICE<\/a>), ambos no Chile.<\/li>\r\n<li class=\"ai-optimize-22\">Instituto Internacional de Pesquisa em Radioastronomia (<a data-original-href=\"https:\/\/www.iram-institute.org\/\" href=\"https:\/\/xuo.us\/CvBJC\" target=\"_blank\" rel=\"nofollow noopener noreferrer external\">IRAM<\/a>) na Espanha.<\/li>\r\n<li class=\"ai-optimize-23\">E o Telesc\u00f3pio do P\u00f3lo Sul (<a data-original-href=\"https:\/\/pole.uchicago.edu\/\" href=\"https:\/\/xuo.us\/UJCth\" target=\"_blank\" rel=\"nofollow noopener noreferrer external\">SPT<\/a>).<\/li>\r\n<\/ul>\r\n<p class=\"ai-optimize-24\">Ap\u00f3s as observa\u00e7\u00f5es, <strong>Cientistas os estudaram e processaram por 2 anos.<\/strong>, obtendo, al\u00e9m da foto, alguns dados impressionantes. Eles determinaram que <strong>Possui um po\u00e7o gravitacional de cerca de 40 bilh\u00f5es de quil\u00f4metros.<\/strong>, o que \u00e9 equivalente a <strong>cerca de 3 milh\u00f5es de vezes o di\u00e2metro da Terra<\/strong>. Al\u00e9m disso, eles estimaram que <strong>Sua massa \u00e9 aproximadamente 6,5 bilh\u00f5es de vezes maior que a do Sol.<\/strong>. N\u00fameros obviamente astron\u00f4micos.<\/p>\r\n<p class=\"ai-optimize-25\">Igualmente importante, a imagem mostra o <strong>horizonte de eventos<\/strong>, que \u00e9 a borda da sombra. <strong>Lugar onde a for\u00e7a da gravidade \u00e9 imensa<\/strong>, impedindo que a luz escape.<\/p>\r\n<p class=\"ai-optimize-26\">Tamb\u00e9m podemos ver <strong>um anel de fogo muito brilhante ao redor do buraco negro<\/strong>Na verdade, aquela \u00e1rea brilhante \u00e9 formada por gases superaquecidos sendo absorvidos por esse monstro enorme.<\/p>\r\n<p class=\"ai-optimize-27\">E como se n\u00e3o bastasse, esse anel \u00e9 t\u00e3o brilhante, que <strong>excede o brilho dos milh\u00f5es de estrelas da gal\u00e1xia combinadas<\/strong>. Por esta raz\u00e3o, ele p\u00f4de ser capturado por radiotelesc\u00f3pios.<\/p>\r\n<h2 class=\"ai-optimize-28\"><strong>Um projeto de longa data<\/strong><\/h2>\r\n<p class=\"ai-optimize-29\"><strong>Em 1993<\/strong>, professor<strong> Heino Falcke teve a ideia<\/strong> de combinar v\u00e1rios telesc\u00f3pios e pot\u00eancia <strong>tirar uma fotografia de um buraco negro<\/strong>, sendo um estudante de doutorado.<\/p>\r\n<p class=\"ai-optimize-30\">Ele acreditava que esses buracos negros gerariam emiss\u00f5es de r\u00e1dio ao seu redor. Portanto, se essa radia\u00e7\u00e3o fosse potente o suficiente, seria detect\u00e1vel da Terra.<\/p>\r\n<p class=\"ai-optimize-31\">Ent\u00e3o<strong>, Falcke insistiu em sua ideia<\/strong>, at\u00e9 que finalmente conseguiu convencer o Conselho Europeu de Pesquisa. Tanto que eles financiaram o in\u00edcio do projeto. Depois, a Funda\u00e7\u00e3o Nacional de Ci\u00eancias dos EUA e outras organiza\u00e7\u00f5es semelhantes se juntaram, fornecendo mais recursos. No final, <strong>A pesquisa custou cerca de 50 milh\u00f5es de d\u00f3lares<\/strong>.<\/p>\r\n<p class=\"ai-optimize-32\">Embora tenha sido uma investiga\u00e7\u00e3o \u00e1rdua, <strong>Valeu a pena, para o Professor Falcke o objetivo foi alcan\u00e7ado<\/strong> E foi um grande avan\u00e7o para a astronomia e a ci\u00eancia. Conte-nos o que voc\u00ea achou da imagem? Ela atendeu \u00e0s suas expectativas?<\/p>\r\n<p class=\"ai-optimize-33\">Imagem: <em><a data-original-href=\"https:\/\/pixabay.com\/es\/images\/search\/agujero+negro\" href=\"https:\/\/xuo.us\/aGEdS\" target=\"_blank\" rel=\"nofollow noopener noreferrer external\">Pixabay<\/a><\/em><\/p>","protected":false},"excerpt":{"rendered":"<p>Uma das maiores d\u00favidas da comunidade cient\u00edfica em rela\u00e7\u00e3o ao espa\u00e7o foi respondida. Sim, astr\u00f4nomos, astrof\u00edsicos e at\u00e9 mesmo amadores se perguntavam como eles realmente eram. Estamos falando de um buraco negro e, antes de tudo, as imagens que foram vistas eram simula\u00e7\u00f5es baseadas em modelos te\u00f3ricos, seguindo as leis da f\u00edsica que conhecemos. Agora, os buracos negros s\u00e3o corpos celestes com uma massa muito grande em um volume muito pequeno. Como sua massa interna \u00e9 muito...<\/p>","protected":false},"author":13950,"featured_media":25216,"comment_status":"open","ping_status":"closed","sticky":false,"template":"","format":"standard","meta":{"googlesitekit_rrm_CAowjZ7eCw:productID":"","footnotes":""},"categories":[148],"tags":[436,437,105,438,439,440],"tmauthors":[],"ppma_author":[2505],"class_list":{"0":"post-713","1":"post","2":"type-post","3":"status-publish","4":"format-standard","5":"has-post-thumbnail","7":"category-ciencia-y-salud","8":"tag-agujeros-negros","9":"tag-fotografias-astronomicas","10":"tag-nasa","11":"tag-observatorio-austral-europeo","12":"tag-telescopio-del-horizonte-de-sucesos","13":"tag-telescopios"},"yoast_head":"<!-- This site is optimized with the Yoast SEO Premium plugin v26.7 (Yoast SEO v27.4) - https:\/\/yoast.com\/product\/yoast-seo-premium-wordpress\/ -->\n<title>Powehi: El primer Agujero Negro fotografiado | Geekine.com<\/title>\n<meta name=\"description\" content=\"Una de las mayores interrogantes de la comunidad cient\u00edfica a nivel mundial relacionadas con el espacio, se devel\u00f3. Si, astr\u00f3nomos, astrof\u00edsicos y hasta aficionados se preguntaban c\u00f3mo son realmente. Hablamos de un Agujero Negro y antes que nada, las im\u00e1genes que se hab\u00edan visto eran simulaciones basadas, en modelos te\u00f3ricos, siguiendo las leyes f\u00edsicas que conocemos. Ahora bien, los agujeros negros son cuerpos celestes de una gran masa en un volumen muy peque\u00f1o. Como su masa interna es muy...\" \/>\n<meta name=\"robots\" content=\"index, follow, max-snippet:-1, max-image-preview:large, max-video-preview:-1\" \/>\n<link rel=\"canonical\" href=\"https:\/\/geekine.com\/pt\/powehi-o-primeiro-buraco-negro-fotografado\/\" \/>\n<meta property=\"og:locale\" content=\"pt_BR\" \/>\n<meta property=\"og:type\" content=\"article\" \/>\n<meta property=\"og:title\" content=\"Powehi: El primer Agujero Negro fotografiado\" \/>\n<meta property=\"og:description\" content=\"Una de las mayores interrogantes de la comunidad cient\u00edfica a nivel mundial relacionadas con el espacio, se devel\u00f3. Si, astr\u00f3nomos, astrof\u00edsicos y hasta aficionados se preguntaban c\u00f3mo son realmente. Hablamos de un Agujero Negro y antes que nada, las im\u00e1genes que se hab\u00edan visto eran simulaciones basadas, en modelos te\u00f3ricos, siguiendo las leyes f\u00edsicas que conocemos. Ahora bien, los agujeros negros son cuerpos celestes de una gran masa en un volumen muy peque\u00f1o. Como su masa interna es muy...\" \/>\n<meta property=\"og:url\" content=\"https:\/\/geekine.com\/pt\/powehi-o-primeiro-buraco-negro-fotografado\/\" \/>\n<meta property=\"og:site_name\" content=\"Geekine: Tecnolog\u00eda, Videojuegos, Gadgets, Apps, Cine y Ciencia\" \/>\n<meta property=\"article:published_time\" content=\"2019-04-12T22:13:15+00:00\" \/>\n<meta property=\"article:modified_time\" content=\"2026-01-16T04:36:39+00:00\" \/>\n<meta property=\"og:image\" content=\"https:\/\/geekine.com\/wp-content\/uploads\/2024\/10\/qheroner-la-eht-compartira-la-primera-foto-de-un-agujero-negro-1.jpg\" \/>\n\t<meta property=\"og:image:width\" content=\"1\" \/>\n\t<meta property=\"og:image:height\" content=\"1\" \/>\n\t<meta property=\"og:image:type\" content=\"image\/jpeg\" \/>\n<meta name=\"author\" content=\"Hector Pellegatti\" \/>\n<meta name=\"twitter:card\" content=\"summary_large_image\" \/>\n<meta name=\"twitter:label1\" content=\"Escrito por\" \/>\n\t<meta name=\"twitter:data1\" content=\"Hector Pellegatti\" \/>\n\t<meta name=\"twitter:label2\" content=\"Est. tempo de leitura\" \/>\n\t<meta name=\"twitter:data2\" content=\"5 minutos\" \/>\n<script type=\"application\/ld+json\" class=\"yoast-schema-graph\">{\"@context\":\"https:\\\/\\\/schema.org\",\"@graph\":[{\"@type\":[\"Article\",\"BlogPosting\"],\"@id\":\"https:\\\/\\\/geekine.com\\\/powehi-el-primer-agujero-negro-fotografiado\\\/#article\",\"isPartOf\":{\"@id\":\"https:\\\/\\\/geekine.com\\\/powehi-el-primer-agujero-negro-fotografiado\\\/\"},\"author\":{\"name\":\"Hector Pellegatti\",\"@id\":\"https:\\\/\\\/geekine.com\\\/#\\\/schema\\\/person\\\/e621c3c83fdb2deafc9f0cd29cf6bb94\"},\"headline\":\"Powehi: El primer Agujero Negro fotografiado\",\"datePublished\":\"2019-04-12T22:13:15+00:00\",\"dateModified\":\"2026-01-16T04:36:39+00:00\",\"mainEntityOfPage\":{\"@id\":\"https:\\\/\\\/geekine.com\\\/powehi-el-primer-agujero-negro-fotografiado\\\/\"},\"wordCount\":842,\"commentCount\":0,\"publisher\":{\"@id\":\"https:\\\/\\\/geekine.com\\\/#organization\"},\"image\":{\"@id\":\"https:\\\/\\\/geekine.com\\\/powehi-el-primer-agujero-negro-fotografiado\\\/#primaryimage\"},\"thumbnailUrl\":\"https:\\\/\\\/geekine.com\\\/wp-content\\\/uploads\\\/2024\\\/10\\\/qheroner-la-eht-compartira-la-primera-foto-de-un-agujero-negro-1.jpg\",\"keywords\":[\"agujeros negros\",\"fotografias astron\u00f3micas\",\"nasa\",\"Observatorio Austral Europeo\",\"Telescopio del Horizonte de Sucesos\",\"telescopios\"],\"articleSection\":[\"Ciencia y Salud\"],\"inLanguage\":\"pt-BR\",\"potentialAction\":[{\"@type\":\"CommentAction\",\"name\":\"Comment\",\"target\":[\"https:\\\/\\\/geekine.com\\\/powehi-el-primer-agujero-negro-fotografiado\\\/#respond\"]}]},{\"@type\":\"WebPage\",\"@id\":\"https:\\\/\\\/geekine.com\\\/powehi-el-primer-agujero-negro-fotografiado\\\/\",\"url\":\"https:\\\/\\\/geekine.com\\\/powehi-el-primer-agujero-negro-fotografiado\\\/\",\"name\":\"Powehi: El primer Agujero Negro fotografiado | Geekine.com\",\"isPartOf\":{\"@id\":\"https:\\\/\\\/geekine.com\\\/#website\"},\"primaryImageOfPage\":{\"@id\":\"https:\\\/\\\/geekine.com\\\/powehi-el-primer-agujero-negro-fotografiado\\\/#primaryimage\"},\"thumbnailUrl\":\"https:\\\/\\\/geekine.com\\\/wp-content\\\/uploads\\\/2024\\\/10\\\/qheroner-la-eht-compartira-la-primera-foto-de-un-agujero-negro-1.jpg\",\"datePublished\":\"2019-04-12T22:13:15+00:00\",\"dateModified\":\"2026-01-16T04:36:39+00:00\",\"description\":\"Una de las mayores interrogantes de la comunidad cient\u00edfica a nivel mundial relacionadas con el espacio, se devel\u00f3. Si, astr\u00f3nomos, astrof\u00edsicos y hasta aficionados se preguntaban c\u00f3mo son realmente. Hablamos de un Agujero Negro y antes que nada, las im\u00e1genes que se hab\u00edan visto eran simulaciones basadas, en modelos te\u00f3ricos, siguiendo las leyes f\u00edsicas que conocemos. Ahora bien, los agujeros negros son cuerpos celestes de una gran masa en un volumen muy peque\u00f1o. Como su masa interna es muy...\",\"breadcrumb\":{\"@id\":\"https:\\\/\\\/geekine.com\\\/powehi-el-primer-agujero-negro-fotografiado\\\/#breadcrumb\"},\"inLanguage\":\"pt-BR\",\"potentialAction\":[{\"@type\":\"ReadAction\",\"target\":[\"https:\\\/\\\/geekine.com\\\/powehi-el-primer-agujero-negro-fotografiado\\\/\"]}]},{\"@type\":\"ImageObject\",\"inLanguage\":\"pt-BR\",\"@id\":\"https:\\\/\\\/geekine.com\\\/powehi-el-primer-agujero-negro-fotografiado\\\/#primaryimage\",\"url\":\"https:\\\/\\\/geekine.com\\\/wp-content\\\/uploads\\\/2024\\\/10\\\/qheroner-la-eht-compartira-la-primera-foto-de-un-agujero-negro-1.jpg\",\"contentUrl\":\"https:\\\/\\\/geekine.com\\\/wp-content\\\/uploads\\\/2024\\\/10\\\/qheroner-la-eht-compartira-la-primera-foto-de-un-agujero-negro-1.jpg\",\"caption\":\"Qheroner La Eht Compartira La Primera Foto De Un Agujero Negro 1\"},{\"@type\":\"BreadcrumbList\",\"@id\":\"https:\\\/\\\/geekine.com\\\/powehi-el-primer-agujero-negro-fotografiado\\\/#breadcrumb\",\"itemListElement\":[{\"@type\":\"ListItem\",\"position\":1,\"name\":\"Inicio\",\"item\":\"https:\\\/\\\/geekine.com\\\/\"},{\"@type\":\"ListItem\",\"position\":2,\"name\":\"Ciencia y Salud\",\"item\":\"https:\\\/\\\/geekine.com\\\/categoria\\\/ciencia-y-salud\\\/\"},{\"@type\":\"ListItem\",\"position\":3,\"name\":\"Powehi: El primer Agujero Negro fotografiado\"}]},{\"@type\":\"WebSite\",\"@id\":\"https:\\\/\\\/geekine.com\\\/#website\",\"url\":\"https:\\\/\\\/geekine.com\\\/\",\"name\":\"Geekine\",\"description\":\"Tecnolog\u00eda, Videojuegos, Gadgets, Apps, Cine y Ciencia\",\"publisher\":{\"@id\":\"https:\\\/\\\/geekine.com\\\/#organization\"},\"alternateName\":\"Geekine.com\",\"potentialAction\":[{\"@type\":\"SearchAction\",\"target\":{\"@type\":\"EntryPoint\",\"urlTemplate\":\"https:\\\/\\\/geekine.com\\\/?s={search_term_string}\"},\"query-input\":{\"@type\":\"PropertyValueSpecification\",\"valueRequired\":true,\"valueName\":\"search_term_string\"}}],\"inLanguage\":\"pt-BR\"},{\"@type\":\"Organization\",\"@id\":\"https:\\\/\\\/geekine.com\\\/#organization\",\"name\":\"Geekine\",\"alternateName\":\"Geekine.com\",\"url\":\"https:\\\/\\\/geekine.com\\\/\",\"logo\":{\"@type\":\"ImageObject\",\"inLanguage\":\"pt-BR\",\"@id\":\"https:\\\/\\\/geekine.com\\\/#\\\/schema\\\/logo\\\/image\\\/\",\"url\":null,\"contentUrl\":null,\"width\":null,\"height\":null,\"caption\":\"Geekine\"},\"image\":{\"@id\":\"https:\\\/\\\/geekine.com\\\/#\\\/schema\\\/logo\\\/image\\\/\"},\"sameAs\":[\"https:\\\/\\\/co.pinterest.com\\\/geekinecom\\\/\"],\"description\":\"Geekine es tu universo geek de tecnolog\u00eda, videojuegos, gadgets, apps, cine y ciencia. Publicamos noticias frescas, an\u00e1lisis expertos y rese\u00f1as en espa\u00f1ol.\",\"publishingPrinciples\":\"https:\\\/\\\/geekine.com\\\/terminos-y-condiciones\\\/\"},{\"@type\":\"Person\",\"@id\":\"https:\\\/\\\/geekine.com\\\/#\\\/schema\\\/person\\\/e621c3c83fdb2deafc9f0cd29cf6bb94\",\"name\":\"Hector Pellegatti\",\"image\":{\"@type\":\"ImageObject\",\"inLanguage\":\"pt-BR\",\"@id\":\"https:\\\/\\\/secure.gravatar.com\\\/avatar\\\/c0fdfb5971574e8b9bd97567fc04bd680f7a6e32cf93675af36cbf6ef8b39aab?s=96&d=mm&r=gcb620f79e740280707c50a52b14e7ffd\",\"url\":\"https:\\\/\\\/secure.gravatar.com\\\/avatar\\\/c0fdfb5971574e8b9bd97567fc04bd680f7a6e32cf93675af36cbf6ef8b39aab?s=96&d=mm&r=g\",\"contentUrl\":\"https:\\\/\\\/secure.gravatar.com\\\/avatar\\\/c0fdfb5971574e8b9bd97567fc04bd680f7a6e32cf93675af36cbf6ef8b39aab?s=96&d=mm&r=g\",\"caption\":\"Hector Pellegatti\"},\"description\":\"Me fascina la m\u00fasica, la fotograf\u00eda, leer buenos libros, comics. Me encanta conocer nuevos lugares y as\u00ed disfrutar la estad\u00eda en nuestro bonito planeta. Coleccionista de art\u00edculos cl\u00e1sicos y de agradables momentos.\",\"sameAs\":[\"https:\\\/\\\/qhero.net\"]}]}<\/script>\n<!-- \/ Yoast SEO Premium plugin. -->","yoast_head_json":{"title":"Powehi: O primeiro buraco negro fotografado | Geekine.com","description":"Uma das maiores d\u00favidas da comunidade cient\u00edfica em rela\u00e7\u00e3o ao espa\u00e7o foi respondida. Sim, astr\u00f4nomos, astrof\u00edsicos e at\u00e9 mesmo amadores se perguntavam como eles realmente eram. Estamos falando de um buraco negro e, antes de tudo, as imagens que foram vistas eram simula\u00e7\u00f5es baseadas em modelos te\u00f3ricos, seguindo as leis da f\u00edsica que conhecemos. Agora, os buracos negros s\u00e3o corpos celestes com uma massa muito grande em um volume muito pequeno. Como sua massa interna \u00e9 muito...","robots":{"index":"index","follow":"follow","max-snippet":"max-snippet:-1","max-image-preview":"max-image-preview:large","max-video-preview":"max-video-preview:-1"},"canonical":"https:\/\/geekine.com\/pt\/powehi-o-primeiro-buraco-negro-fotografado\/","og_locale":"pt_BR","og_type":"article","og_title":"Powehi: El primer Agujero Negro fotografiado","og_description":"Una de las mayores interrogantes de la comunidad cient\u00edfica a nivel mundial relacionadas con el espacio, se devel\u00f3. Si, astr\u00f3nomos, astrof\u00edsicos y hasta aficionados se preguntaban c\u00f3mo son realmente. Hablamos de un Agujero Negro y antes que nada, las im\u00e1genes que se hab\u00edan visto eran simulaciones basadas, en modelos te\u00f3ricos, siguiendo las leyes f\u00edsicas que conocemos. Ahora bien, los agujeros negros son cuerpos celestes de una gran masa en un volumen muy peque\u00f1o. Como su masa interna es muy...","og_url":"https:\/\/geekine.com\/pt\/powehi-o-primeiro-buraco-negro-fotografado\/","og_site_name":"Geekine: Tecnolog\u00eda, Videojuegos, Gadgets, Apps, Cine y Ciencia","article_published_time":"2019-04-12T22:13:15+00:00","article_modified_time":"2026-01-16T04:36:39+00:00","og_image":[{"url":"https:\/\/geekine.com\/wp-content\/uploads\/2024\/10\/qheroner-la-eht-compartira-la-primera-foto-de-un-agujero-negro-1.jpg","width":1,"height":1,"type":"image\/jpeg"}],"author":"Hector Pellegatti","twitter_card":"summary_large_image","twitter_misc":{"Escrito por":"Hector Pellegatti","Est. tempo de leitura":"5 minutos"},"schema":{"@context":"https:\/\/schema.org","@graph":[{"@type":["Article","BlogPosting"],"@id":"https:\/\/geekine.com\/powehi-el-primer-agujero-negro-fotografiado\/#article","isPartOf":{"@id":"https:\/\/geekine.com\/powehi-el-primer-agujero-negro-fotografiado\/"},"author":{"name":"Hector Pellegatti","@id":"https:\/\/geekine.com\/#\/schema\/person\/e621c3c83fdb2deafc9f0cd29cf6bb94"},"headline":"Powehi: El primer Agujero Negro fotografiado","datePublished":"2019-04-12T22:13:15+00:00","dateModified":"2026-01-16T04:36:39+00:00","mainEntityOfPage":{"@id":"https:\/\/geekine.com\/powehi-el-primer-agujero-negro-fotografiado\/"},"wordCount":842,"commentCount":0,"publisher":{"@id":"https:\/\/geekine.com\/#organization"},"image":{"@id":"https:\/\/geekine.com\/powehi-el-primer-agujero-negro-fotografiado\/#primaryimage"},"thumbnailUrl":"https:\/\/geekine.com\/wp-content\/uploads\/2024\/10\/qheroner-la-eht-compartira-la-primera-foto-de-un-agujero-negro-1.jpg","keywords":["agujeros negros","fotografias astron\u00f3micas","nasa","Observatorio Austral Europeo","Telescopio del Horizonte de Sucesos","telescopios"],"articleSection":["Ciencia y Salud"],"inLanguage":"pt-BR","potentialAction":[{"@type":"CommentAction","name":"Comment","target":["https:\/\/geekine.com\/powehi-el-primer-agujero-negro-fotografiado\/#respond"]}]},{"@type":"WebPage","@id":"https:\/\/geekine.com\/powehi-el-primer-agujero-negro-fotografiado\/","url":"https:\/\/geekine.com\/powehi-el-primer-agujero-negro-fotografiado\/","name":"Powehi: O primeiro buraco negro fotografado | Geekine.com","isPartOf":{"@id":"https:\/\/geekine.com\/#website"},"primaryImageOfPage":{"@id":"https:\/\/geekine.com\/powehi-el-primer-agujero-negro-fotografiado\/#primaryimage"},"thumbnailUrl":"https:\/\/geekine.com\/wp-content\/uploads\/2024\/10\/qheroner-la-eht-compartira-la-primera-foto-de-un-agujero-negro-1.jpg","datePublished":"2019-04-12T22:13:15+00:00","dateModified":"2026-01-16T04:36:39+00:00","description":"Uma das maiores d\u00favidas da comunidade cient\u00edfica em rela\u00e7\u00e3o ao espa\u00e7o foi respondida. Sim, astr\u00f4nomos, astrof\u00edsicos e at\u00e9 mesmo amadores se perguntavam como eles realmente eram. Estamos falando de um buraco negro e, antes de tudo, as imagens que foram vistas eram simula\u00e7\u00f5es baseadas em modelos te\u00f3ricos, seguindo as leis da f\u00edsica que conhecemos. Agora, os buracos negros s\u00e3o corpos celestes com uma massa muito grande em um volume muito pequeno. Como sua massa interna \u00e9 muito...","breadcrumb":{"@id":"https:\/\/geekine.com\/powehi-el-primer-agujero-negro-fotografiado\/#breadcrumb"},"inLanguage":"pt-BR","potentialAction":[{"@type":"ReadAction","target":["https:\/\/geekine.com\/powehi-el-primer-agujero-negro-fotografiado\/"]}]},{"@type":"ImageObject","inLanguage":"pt-BR","@id":"https:\/\/geekine.com\/powehi-el-primer-agujero-negro-fotografiado\/#primaryimage","url":"https:\/\/geekine.com\/wp-content\/uploads\/2024\/10\/qheroner-la-eht-compartira-la-primera-foto-de-un-agujero-negro-1.jpg","contentUrl":"https:\/\/geekine.com\/wp-content\/uploads\/2024\/10\/qheroner-la-eht-compartira-la-primera-foto-de-un-agujero-negro-1.jpg","caption":"Qheroner La Eht Compartira La Primera Foto De Un Agujero Negro 1"},{"@type":"BreadcrumbList","@id":"https:\/\/geekine.com\/powehi-el-primer-agujero-negro-fotografiado\/#breadcrumb","itemListElement":[{"@type":"ListItem","position":1,"name":"Inicio","item":"https:\/\/geekine.com\/"},{"@type":"ListItem","position":2,"name":"Ciencia y Salud","item":"https:\/\/geekine.com\/categoria\/ciencia-y-salud\/"},{"@type":"ListItem","position":3,"name":"Powehi: El primer Agujero Negro fotografiado"}]},{"@type":"WebSite","@id":"https:\/\/geekine.com\/#website","url":"https:\/\/geekine.com\/","name":"Geekine","description":"Tecnologia, videogames, gadgets, aplicativos, filmes e ci\u00eancia","publisher":{"@id":"https:\/\/geekine.com\/#organization"},"alternateName":"Geekine.com","potentialAction":[{"@type":"SearchAction","target":{"@type":"EntryPoint","urlTemplate":"https:\/\/geekine.com\/?s={search_term_string}"},"query-input":{"@type":"PropertyValueSpecification","valueRequired":true,"valueName":"search_term_string"}}],"inLanguage":"pt-BR"},{"@type":"Organization","@id":"https:\/\/geekine.com\/#organization","name":"Geekine","alternateName":"Geekine.com","url":"https:\/\/geekine.com\/","logo":{"@type":"ImageObject","inLanguage":"pt-BR","@id":"https:\/\/geekine.com\/#\/schema\/logo\/image\/","url":null,"contentUrl":null,"width":null,"height":null,"caption":"Geekine"},"image":{"@id":"https:\/\/geekine.com\/#\/schema\/logo\/image\/"},"sameAs":["https:\/\/co.pinterest.com\/geekinecom\/"],"description":"O Geekine \u00e9 o seu universo geek de tecnologia, videogames, gadgets, aplicativos, filmes e ci\u00eancia. Publicamos not\u00edcias atualizadas, an\u00e1lises de especialistas e resenhas em ingl\u00eas.","publishingPrinciples":"https:\/\/geekine.com\/terminos-y-condiciones\/"},{"@type":"Person","@id":"https:\/\/geekine.com\/#\/schema\/person\/e621c3c83fdb2deafc9f0cd29cf6bb94","name":"Heitor Pellegatti","image":{"@type":"ImageObject","inLanguage":"pt-BR","@id":"https:\/\/secure.gravatar.com\/avatar\/c0fdfb5971574e8b9bd97567fc04bd680f7a6e32cf93675af36cbf6ef8b39aab?s=96&d=mm&r=gcb620f79e740280707c50a52b14e7ffd","url":"https:\/\/secure.gravatar.com\/avatar\/c0fdfb5971574e8b9bd97567fc04bd680f7a6e32cf93675af36cbf6ef8b39aab?s=96&d=mm&r=g","contentUrl":"https:\/\/secure.gravatar.com\/avatar\/c0fdfb5971574e8b9bd97567fc04bd680f7a6e32cf93675af36cbf6ef8b39aab?s=96&d=mm&r=g","caption":"Hector Pellegatti"},"description":"Adoro m\u00fasica, fotografia, ler bons livros e hist\u00f3rias em quadrinhos. Adoro explorar novos lugares e aproveitar meu tempo em nosso lindo planeta. Sou colecionador de itens cl\u00e1ssicos e mem\u00f3rias agrad\u00e1veis.","sameAs":["https:\/\/qhero.net"]}]}},"authors":[{"term_id":2505,"user_id":13950,"is_guest":0,"slug":"hec-p","display_name":"Hector Pellegatti","avatar_url":"https:\/\/secure.gravatar.com\/avatar\/c0fdfb5971574e8b9bd97567fc04bd680f7a6e32cf93675af36cbf6ef8b39aab?s=96&d=mm&r=g","0":null,"1":"","2":"","3":"","4":"","5":"","6":"","7":"","8":""}],"_links":{"self":[{"href":"https:\/\/geekine.com\/pt\/wp-json\/wp\/v2\/posts\/713","targetHints":{"allow":["GET"]}}],"collection":[{"href":"https:\/\/geekine.com\/pt\/wp-json\/wp\/v2\/posts"}],"about":[{"href":"https:\/\/geekine.com\/pt\/wp-json\/wp\/v2\/types\/post"}],"author":[{"embeddable":true,"href":"https:\/\/geekine.com\/pt\/wp-json\/wp\/v2\/users\/13950"}],"replies":[{"embeddable":true,"href":"https:\/\/geekine.com\/pt\/wp-json\/wp\/v2\/comments?post=713"}],"version-history":[{"count":0,"href":"https:\/\/geekine.com\/pt\/wp-json\/wp\/v2\/posts\/713\/revisions"}],"wp:featuredmedia":[{"embeddable":true,"href":"https:\/\/geekine.com\/pt\/wp-json\/wp\/v2\/media\/25216"}],"wp:attachment":[{"href":"https:\/\/geekine.com\/pt\/wp-json\/wp\/v2\/media?parent=713"}],"wp:term":[{"taxonomy":"category","embeddable":true,"href":"https:\/\/geekine.com\/pt\/wp-json\/wp\/v2\/categories?post=713"},{"taxonomy":"post_tag","embeddable":true,"href":"https:\/\/geekine.com\/pt\/wp-json\/wp\/v2\/tags?post=713"},{"taxonomy":"tmauthors","embeddable":true,"href":"https:\/\/geekine.com\/pt\/wp-json\/wp\/v2\/tmauthors?post=713"},{"taxonomy":"author","embeddable":true,"href":"https:\/\/geekine.com\/pt\/wp-json\/wp\/v2\/ppma_author?post=713"}],"curies":[{"name":"wp","href":"https:\/\/api.w.org\/{rel}","templated":true}]}}