{"id":888,"date":"2019-07-05T14:40:04","date_gmt":"2019-07-05T19:40:04","guid":{"rendered":"https:\/\/www.geekine.com\/sin-categoria\/falla-a-nivel-mundial-de-whatsapp-facebook-e-instagram-3-de-julio-de-2019\/"},"modified":"2026-01-15T23:46:34","modified_gmt":"2026-01-16T04:46:34","slug":"interrupcoes-no-whatsapp-facebook-e-instagram-em-todo-o-mundo-3-de-julho-de-2019","status":"publish","type":"post","link":"https:\/\/geekine.com\/pt\/interrupcoes-no-whatsapp-facebook-e-instagram-em-todo-o-mundo-3-de-julho-de-2019\/","title":{"rendered":"WhatsApp, Facebook e Instagram paralisados em todo o mundo, 3 de julho de 2019"},"content":{"rendered":"<p class=\"ai-optimize-6 ai-optimize-introduction\">Usu\u00e1rios em todo o mundo foram afetados por isso <strong>3 de julho devido a uma falha em v\u00e1rios aplicativos populares<\/strong>. Tornando-se um dia terr\u00edvel para <strong>WhatsApp, Instagram e Facebook ficaram fora do ar por v\u00e1rias horas.<\/strong>.<\/p>\n<p class=\"ai-optimize-7\">Imediatamente, os usu\u00e1rios posicionaram o t\u00f3pico nas tend\u00eancias globais do Twitter (trending topic). <strong>#FacebookDown<\/strong> e <strong>#WhatsApp e\u00a0<a href=\"https:\/\/geekine.com\/pt\/recomendado\/te-bloqueo-en-facebook-con-estos-sencillos-trucos-podras-averiguarlo\/\">Facebook<\/a> e Instagram<\/strong>.<\/p>\n<p class=\"ai-optimize-8\">Este problema impediu que os usu\u00e1rios em todas as tr\u00eas plataformas<strong> poderia carregar ou baixar \u00e1udios, imagens e v\u00eddeos<\/strong>. Dessa forma, a falha afeta usu\u00e1rios nos Estados Unidos, M\u00e9xico, Venezuela, Col\u00f4mbia, Argentina, al\u00e9m da Europa e Oceania. De acordo com dados divulgados pelos sites que... <strong>Eles medem a atividade da internet, como o Outage Report e o Downdetector.<\/strong>.<\/p>\n<h2 class=\"ai-optimize-9\"><strong>O que deu errado com o WhatsApp, Instagram e Facebook?<\/strong><\/h2>\n<p class=\"ai-optimize-10\">Como as tr\u00eas aplica\u00e7\u00f5es s\u00e3o da mesma empresa, presume-se que <strong>Foi uma falha nos servidores<\/strong>. Embora <b>O Facebook indicou que estava ciente do problema<\/b> e que ele estava trabalhando para que as coisas voltassem ao normal.<\/p>\n<p class=\"ai-optimize-11\">Al\u00e9m disso, eles tamb\u00e9m mencionaram que eles mesmos causaram o problema durante uma atividade frequente: &quot;Durante uma de nossas opera\u00e7\u00f5es de manuten\u00e7\u00e3o, desencadeamos um problema que est\u00e1 dificultando o upload ou envio de fotos e v\u00eddeos para alguns usu\u00e1rios.&quot;\u201c<\/p>\n<p class=\"ai-optimize-12\">Por outro lado,<strong> Eles esclareceram que a falha n\u00e3o foi devido a um ataque cibern\u00e9tico de nega\u00e7\u00e3o de servi\u00e7o (DDoS).<\/strong>Situa\u00e7\u00e3o que ocorre quando a avalanche na demanda de conex\u00e3o \u00e9 incontrol\u00e1vel pelos processadores.<\/p>\n<p class=\"ai-optimize-13\">Mapa dos pa\u00edses afetados pela indisponibilidade do aplicativo WhatsApp. | Imagem: Downdetector<\/p>\n<p class=\"ai-optimize-14\">Em <a data-original-href=\"https:\/\/downdetector.es\/problemas\/whatsapp\/mapa\/\" href=\"https:\/\/xuo.us\/SVvar\" target=\"_blank\" rel=\"nofollow noopener noreferrer external\"><strong>WhatsApp<\/strong><\/a> Apenas o envio e recebimento de mensagens podiam ser utilizados, fotos, v\u00eddeos e \u00e1udios n\u00e3o podiam ser carregados ou baixados. Enquanto isso, em <a data-original-href=\"https:\/\/downdetector.es\/problemas\/instagram\/mapa\/\" href=\"https:\/\/xuo.us\/HMpbg\" target=\"_blank\" rel=\"nofollow noopener noreferrer external\"><strong>Instagram<\/strong><\/a> Os problemas ocorreram ao entrar no aplicativo m\u00f3vel e atualizar novos conte\u00fados. Quanto a\u00a0<a data-original-href=\"https:\/\/downdetector.es\/problemas\/facebook\/mapa\/\" href=\"https:\/\/xuo.us\/lsqeM\" target=\"_blank\" rel=\"nofollow noopener noreferrer external\"><strong>Facebook,<\/strong><\/a> As mensagens privadas foram as mais afetadas. Vale ressaltar que os nomes dos tr\u00eas aplicativos incluem links para mapas-m\u00fandi mostrando os pa\u00edses com problemas.<\/p>\n<p class=\"ai-optimize-15\"><strong>Ap\u00f3s doze horas da falha, as fun\u00e7\u00f5es nos aplicativos foram restauradas.<\/strong>, para uso normal. Vale ressaltar que esta \u00e9 a terceira vez que um desses aplicativos \u00e9 afetado nos \u00faltimos quatro meses.<\/p>\n<p class=\"ai-optimize-16\">Conte-nos. Voc\u00ea foi afetado por esse problema? Conseguiu publicar alguma informa\u00e7\u00e3o durante esse per\u00edodo sem problemas?<\/p>\n<p class=\"ai-optimize-17\">Imagem: <em><a data-original-href=\"https:\/\/pixabay.com\/es\/photos\/negocio-de-papel-escritorio-3243010\/\" href=\"https:\/\/xuo.us\/Kydgs\" target=\"_blank\" rel=\"nofollow noopener noreferrer external\">Pixabay<\/a><\/em><\/p>","protected":false},"excerpt":{"rendered":"<p>Usu\u00e1rios do mundo todo foram afetados no dia 3 de julho por uma interrup\u00e7\u00e3o que afetou diversos aplicativos populares. O dia se tornou terr\u00edvel para o WhatsApp, Instagram e Facebook, que ficaram fora do ar por v\u00e1rias horas. Imediatamente, os usu\u00e1rios come\u00e7aram a usar as hashtags ##FacebookDown, ##WhatsApp, #Facebook e #Instagram no Twitter. O problema impediu que os usu\u00e1rios das tr\u00eas plataformas enviassem ou baixassem \u00e1udios, imagens e v\u00eddeos.<\/p>","protected":false},"author":13950,"featured_media":25398,"comment_status":"open","ping_status":"closed","sticky":false,"template":"","format":"standard","meta":{"googlesitekit_rrm_CAowjZ7eCw:productID":"","footnotes":""},"categories":[24],"tags":[142,499,144,461],"tmauthors":[],"ppma_author":[2505],"class_list":{"0":"post-888","1":"post","2":"type-post","3":"status-publish","4":"format-standard","5":"has-post-thumbnail","7":"category-tecnologia","8":"tag-facebook","9":"tag-follow-instagram","10":"tag-instagram","11":"tag-mensajeria"},"yoast_head":"<!-- This site is optimized with the Yoast SEO Premium plugin v26.7 (Yoast SEO v27.5) - https:\/\/yoast.com\/product\/yoast-seo-premium-wordpress\/ -->\n<title>Falla a nivel mundial de WhatsApp, Facebook e Instagram, 3 de Julio de 2019 | Geekine.com<\/title>\n<meta name=\"description\" content=\"Usuarios alrededor del mundo se han visto perjudicados este 3 de julio por una falla en varias aplicaciones famosas. Pasando a ser un p\u00e9simo d\u00eda para WhatsApp, Instagram y Facebook con su interrupci\u00f3n por varias horas. Inmediatamente, los usuarios fueron posicionando en las tendencias globales de Twitter (trending topic) el #FacebookDown y #WhatsApp y\u00a0Facebook e Instagram. Este problema evit\u00f3 que los usuarios en las tres plataformas pudieran subir o descargas audios, im\u00e1genes y videos. De esta...\" \/>\n<meta name=\"robots\" content=\"index, follow, max-snippet:-1, max-image-preview:large, max-video-preview:-1\" \/>\n<link rel=\"canonical\" href=\"https:\/\/geekine.com\/pt\/interrupcoes-no-whatsapp-facebook-e-instagram-em-todo-o-mundo-3-de-julho-de-2019\/\" \/>\n<meta property=\"og:locale\" content=\"pt_BR\" \/>\n<meta property=\"og:type\" content=\"article\" \/>\n<meta property=\"og:title\" content=\"Falla a nivel mundial de WhatsApp, Facebook e Instagram, 3 de Julio de 2019\" \/>\n<meta property=\"og:description\" content=\"Usuarios alrededor del mundo se han visto perjudicados este 3 de julio por una falla en varias aplicaciones famosas. Pasando a ser un p\u00e9simo d\u00eda para WhatsApp, Instagram y Facebook con su interrupci\u00f3n por varias horas. Inmediatamente, los usuarios fueron posicionando en las tendencias globales de Twitter (trending topic) el #FacebookDown y #WhatsApp y\u00a0Facebook e Instagram. Este problema evit\u00f3 que los usuarios en las tres plataformas pudieran subir o descargas audios, im\u00e1genes y videos. De esta...\" \/>\n<meta property=\"og:url\" content=\"https:\/\/geekine.com\/pt\/interrupcoes-no-whatsapp-facebook-e-instagram-em-todo-o-mundo-3-de-julho-de-2019\/\" \/>\n<meta property=\"og:site_name\" content=\"Geekine: Tecnolog\u00eda, Videojuegos, Gadgets, Apps, Cine y Ciencia\" \/>\n<meta property=\"article:published_time\" content=\"2019-07-05T19:40:04+00:00\" \/>\n<meta property=\"article:modified_time\" content=\"2026-01-16T04:46:34+00:00\" \/>\n<meta property=\"og:image\" content=\"https:\/\/geekine.com\/wp-content\/uploads\/2024\/10\/qheronet-falla-a-nivel-mundial-de-whatsapp-facebook-e-instagram-este-3-de-julio-de-2019-1.jpg\" \/>\n\t<meta property=\"og:image:width\" content=\"1\" \/>\n\t<meta property=\"og:image:height\" content=\"1\" \/>\n\t<meta property=\"og:image:type\" content=\"image\/jpeg\" \/>\n<meta name=\"author\" content=\"Hector Pellegatti\" \/>\n<meta name=\"twitter:card\" content=\"summary_large_image\" \/>\n<meta name=\"twitter:label1\" content=\"Escrito por\" \/>\n\t<meta name=\"twitter:data1\" content=\"Hector Pellegatti\" \/>\n\t<meta name=\"twitter:label2\" content=\"Est. tempo de leitura\" \/>\n\t<meta name=\"twitter:data2\" content=\"2 minutos\" \/>\n<script type=\"application\/ld+json\" class=\"yoast-schema-graph\">{\"@context\":\"https:\\\/\\\/schema.org\",\"@graph\":[{\"@type\":[\"Article\",\"BlogPosting\"],\"@id\":\"https:\\\/\\\/geekine.com\\\/falla-a-nivel-mundial-de-whatsapp-facebook-e-instagram-3-de-julio-de-2019\\\/#article\",\"isPartOf\":{\"@id\":\"https:\\\/\\\/geekine.com\\\/falla-a-nivel-mundial-de-whatsapp-facebook-e-instagram-3-de-julio-de-2019\\\/\"},\"author\":{\"name\":\"Hector Pellegatti\",\"@id\":\"https:\\\/\\\/geekine.com\\\/#\\\/schema\\\/person\\\/e621c3c83fdb2deafc9f0cd29cf6bb94\"},\"headline\":\"Falla a nivel mundial de WhatsApp, Facebook e Instagram, 3 de Julio de 2019\",\"datePublished\":\"2019-07-05T19:40:04+00:00\",\"dateModified\":\"2026-01-16T04:46:34+00:00\",\"mainEntityOfPage\":{\"@id\":\"https:\\\/\\\/geekine.com\\\/falla-a-nivel-mundial-de-whatsapp-facebook-e-instagram-3-de-julio-de-2019\\\/\"},\"wordCount\":431,\"commentCount\":0,\"publisher\":{\"@id\":\"https:\\\/\\\/geekine.com\\\/#organization\"},\"image\":{\"@id\":\"https:\\\/\\\/geekine.com\\\/falla-a-nivel-mundial-de-whatsapp-facebook-e-instagram-3-de-julio-de-2019\\\/#primaryimage\"},\"thumbnailUrl\":\"https:\\\/\\\/geekine.com\\\/wp-content\\\/uploads\\\/2024\\\/10\\\/qheronet-falla-a-nivel-mundial-de-whatsapp-facebook-e-instagram-este-3-de-julio-de-2019-1.jpg\",\"keywords\":[\"facebook\",\"follow instagram\",\"instagram\",\"mensajeria\"],\"articleSection\":[\"Tecnolog\u00eda\"],\"inLanguage\":\"pt-BR\",\"potentialAction\":[{\"@type\":\"CommentAction\",\"name\":\"Comment\",\"target\":[\"https:\\\/\\\/geekine.com\\\/falla-a-nivel-mundial-de-whatsapp-facebook-e-instagram-3-de-julio-de-2019\\\/#respond\"]}]},{\"@type\":\"WebPage\",\"@id\":\"https:\\\/\\\/geekine.com\\\/falla-a-nivel-mundial-de-whatsapp-facebook-e-instagram-3-de-julio-de-2019\\\/\",\"url\":\"https:\\\/\\\/geekine.com\\\/falla-a-nivel-mundial-de-whatsapp-facebook-e-instagram-3-de-julio-de-2019\\\/\",\"name\":\"Falla a nivel mundial de WhatsApp, Facebook e Instagram, 3 de Julio de 2019 | Geekine.com\",\"isPartOf\":{\"@id\":\"https:\\\/\\\/geekine.com\\\/#website\"},\"primaryImageOfPage\":{\"@id\":\"https:\\\/\\\/geekine.com\\\/falla-a-nivel-mundial-de-whatsapp-facebook-e-instagram-3-de-julio-de-2019\\\/#primaryimage\"},\"thumbnailUrl\":\"https:\\\/\\\/geekine.com\\\/wp-content\\\/uploads\\\/2024\\\/10\\\/qheronet-falla-a-nivel-mundial-de-whatsapp-facebook-e-instagram-este-3-de-julio-de-2019-1.jpg\",\"datePublished\":\"2019-07-05T19:40:04+00:00\",\"dateModified\":\"2026-01-16T04:46:34+00:00\",\"description\":\"Usuarios alrededor del mundo se han visto perjudicados este 3 de julio por una falla en varias aplicaciones famosas. Pasando a ser un p\u00e9simo d\u00eda para WhatsApp, Instagram y Facebook con su interrupci\u00f3n por varias horas. Inmediatamente, los usuarios fueron posicionando en las tendencias globales de Twitter (trending topic) el #FacebookDown y #WhatsApp y\u00a0Facebook e Instagram. Este problema evit\u00f3 que los usuarios en las tres plataformas pudieran subir o descargas audios, im\u00e1genes y videos. De esta...\",\"breadcrumb\":{\"@id\":\"https:\\\/\\\/geekine.com\\\/falla-a-nivel-mundial-de-whatsapp-facebook-e-instagram-3-de-julio-de-2019\\\/#breadcrumb\"},\"inLanguage\":\"pt-BR\",\"potentialAction\":[{\"@type\":\"ReadAction\",\"target\":[\"https:\\\/\\\/geekine.com\\\/falla-a-nivel-mundial-de-whatsapp-facebook-e-instagram-3-de-julio-de-2019\\\/\"]}]},{\"@type\":\"ImageObject\",\"inLanguage\":\"pt-BR\",\"@id\":\"https:\\\/\\\/geekine.com\\\/falla-a-nivel-mundial-de-whatsapp-facebook-e-instagram-3-de-julio-de-2019\\\/#primaryimage\",\"url\":\"https:\\\/\\\/geekine.com\\\/wp-content\\\/uploads\\\/2024\\\/10\\\/qheronet-falla-a-nivel-mundial-de-whatsapp-facebook-e-instagram-este-3-de-julio-de-2019-1.jpg\",\"contentUrl\":\"https:\\\/\\\/geekine.com\\\/wp-content\\\/uploads\\\/2024\\\/10\\\/qheronet-falla-a-nivel-mundial-de-whatsapp-facebook-e-instagram-este-3-de-julio-de-2019-1.jpg\",\"caption\":\"Qheronet Falla A Nivel Mundial De Whatsapp Facebook E Instagram Este 3 De Julio De 2019 1\"},{\"@type\":\"BreadcrumbList\",\"@id\":\"https:\\\/\\\/geekine.com\\\/falla-a-nivel-mundial-de-whatsapp-facebook-e-instagram-3-de-julio-de-2019\\\/#breadcrumb\",\"itemListElement\":[{\"@type\":\"ListItem\",\"position\":1,\"name\":\"Inicio\",\"item\":\"https:\\\/\\\/geekine.com\\\/\"},{\"@type\":\"ListItem\",\"position\":2,\"name\":\"Tecnolog\u00eda\",\"item\":\"https:\\\/\\\/geekine.com\\\/categoria\\\/tecnologia\\\/\"},{\"@type\":\"ListItem\",\"position\":3,\"name\":\"Falla a nivel mundial de WhatsApp, Facebook e Instagram, 3 de Julio de 2019\"}]},{\"@type\":\"WebSite\",\"@id\":\"https:\\\/\\\/geekine.com\\\/#website\",\"url\":\"https:\\\/\\\/geekine.com\\\/\",\"name\":\"Geekine\",\"description\":\"Tecnolog\u00eda, Videojuegos, Gadgets, Apps, Cine y Ciencia\",\"publisher\":{\"@id\":\"https:\\\/\\\/geekine.com\\\/#organization\"},\"alternateName\":\"Geekine.com\",\"potentialAction\":[{\"@type\":\"SearchAction\",\"target\":{\"@type\":\"EntryPoint\",\"urlTemplate\":\"https:\\\/\\\/geekine.com\\\/?s={search_term_string}\"},\"query-input\":{\"@type\":\"PropertyValueSpecification\",\"valueRequired\":true,\"valueName\":\"search_term_string\"}}],\"inLanguage\":\"pt-BR\"},{\"@type\":\"Organization\",\"@id\":\"https:\\\/\\\/geekine.com\\\/#organization\",\"name\":\"Geekine\",\"alternateName\":\"Geekine.com\",\"url\":\"https:\\\/\\\/geekine.com\\\/\",\"logo\":{\"@type\":\"ImageObject\",\"inLanguage\":\"pt-BR\",\"@id\":\"https:\\\/\\\/geekine.com\\\/#\\\/schema\\\/logo\\\/image\\\/\",\"url\":null,\"contentUrl\":null,\"width\":null,\"height\":null,\"caption\":\"Geekine\"},\"image\":{\"@id\":\"https:\\\/\\\/geekine.com\\\/#\\\/schema\\\/logo\\\/image\\\/\"},\"sameAs\":[\"https:\\\/\\\/co.pinterest.com\\\/geekinecom\\\/\"],\"description\":\"Geekine es tu universo geek de tecnolog\u00eda, videojuegos, gadgets, apps, cine y ciencia. Publicamos noticias frescas, an\u00e1lisis expertos y rese\u00f1as en espa\u00f1ol.\",\"publishingPrinciples\":\"https:\\\/\\\/geekine.com\\\/terminos-y-condiciones\\\/\"},{\"@type\":\"Person\",\"@id\":\"https:\\\/\\\/geekine.com\\\/#\\\/schema\\\/person\\\/e621c3c83fdb2deafc9f0cd29cf6bb94\",\"name\":\"Hector Pellegatti\",\"image\":{\"@type\":\"ImageObject\",\"inLanguage\":\"pt-BR\",\"@id\":\"https:\\\/\\\/secure.gravatar.com\\\/avatar\\\/c0fdfb5971574e8b9bd97567fc04bd680f7a6e32cf93675af36cbf6ef8b39aab?s=96&d=mm&r=gcb620f79e740280707c50a52b14e7ffd\",\"url\":\"https:\\\/\\\/secure.gravatar.com\\\/avatar\\\/c0fdfb5971574e8b9bd97567fc04bd680f7a6e32cf93675af36cbf6ef8b39aab?s=96&d=mm&r=g\",\"contentUrl\":\"https:\\\/\\\/secure.gravatar.com\\\/avatar\\\/c0fdfb5971574e8b9bd97567fc04bd680f7a6e32cf93675af36cbf6ef8b39aab?s=96&d=mm&r=g\",\"caption\":\"Hector Pellegatti\"},\"description\":\"Me fascina la m\u00fasica, la fotograf\u00eda, leer buenos libros, comics. Me encanta conocer nuevos lugares y as\u00ed disfrutar la estad\u00eda en nuestro bonito planeta. Coleccionista de art\u00edculos cl\u00e1sicos y de agradables momentos.\",\"sameAs\":[\"https:\\\/\\\/qhero.net\"]}]}<\/script>\n<!-- \/ Yoast SEO Premium plugin. -->","yoast_head_json":{"title":"Falha global afetando WhatsApp, Facebook e Instagram, 3 de julho de 2019 | Geekine.com","description":"Usu\u00e1rios do mundo todo foram afetados no dia 3 de julho por uma interrup\u00e7\u00e3o que afetou diversos aplicativos populares. O dia se tornou terr\u00edvel para o WhatsApp, Instagram e Facebook, que ficaram fora do ar por v\u00e1rias horas. Imediatamente, os usu\u00e1rios come\u00e7aram a usar as hashtags ##FacebookDown, ##WhatsApp, #Facebook e #Instagram no Twitter. O problema impediu que os usu\u00e1rios das tr\u00eas plataformas enviassem ou baixassem \u00e1udios, imagens e v\u00eddeos.","robots":{"index":"index","follow":"follow","max-snippet":"max-snippet:-1","max-image-preview":"max-image-preview:large","max-video-preview":"max-video-preview:-1"},"canonical":"https:\/\/geekine.com\/pt\/interrupcoes-no-whatsapp-facebook-e-instagram-em-todo-o-mundo-3-de-julho-de-2019\/","og_locale":"pt_BR","og_type":"article","og_title":"Falla a nivel mundial de WhatsApp, Facebook e Instagram, 3 de Julio de 2019","og_description":"Usuarios alrededor del mundo se han visto perjudicados este 3 de julio por una falla en varias aplicaciones famosas. Pasando a ser un p\u00e9simo d\u00eda para WhatsApp, Instagram y Facebook con su interrupci\u00f3n por varias horas. Inmediatamente, los usuarios fueron posicionando en las tendencias globales de Twitter (trending topic) el #FacebookDown y #WhatsApp y\u00a0Facebook e Instagram. Este problema evit\u00f3 que los usuarios en las tres plataformas pudieran subir o descargas audios, im\u00e1genes y videos. De esta...","og_url":"https:\/\/geekine.com\/pt\/interrupcoes-no-whatsapp-facebook-e-instagram-em-todo-o-mundo-3-de-julho-de-2019\/","og_site_name":"Geekine: Tecnolog\u00eda, Videojuegos, Gadgets, Apps, Cine y Ciencia","article_published_time":"2019-07-05T19:40:04+00:00","article_modified_time":"2026-01-16T04:46:34+00:00","og_image":[{"url":"https:\/\/geekine.com\/wp-content\/uploads\/2024\/10\/qheronet-falla-a-nivel-mundial-de-whatsapp-facebook-e-instagram-este-3-de-julio-de-2019-1.jpg","width":1,"height":1,"type":"image\/jpeg"}],"author":"Hector Pellegatti","twitter_card":"summary_large_image","twitter_misc":{"Escrito por":"Hector Pellegatti","Est. tempo de leitura":"2 minutos"},"schema":{"@context":"https:\/\/schema.org","@graph":[{"@type":["Article","BlogPosting"],"@id":"https:\/\/geekine.com\/falla-a-nivel-mundial-de-whatsapp-facebook-e-instagram-3-de-julio-de-2019\/#article","isPartOf":{"@id":"https:\/\/geekine.com\/falla-a-nivel-mundial-de-whatsapp-facebook-e-instagram-3-de-julio-de-2019\/"},"author":{"name":"Hector Pellegatti","@id":"https:\/\/geekine.com\/#\/schema\/person\/e621c3c83fdb2deafc9f0cd29cf6bb94"},"headline":"Falla a nivel mundial de WhatsApp, Facebook e Instagram, 3 de Julio de 2019","datePublished":"2019-07-05T19:40:04+00:00","dateModified":"2026-01-16T04:46:34+00:00","mainEntityOfPage":{"@id":"https:\/\/geekine.com\/falla-a-nivel-mundial-de-whatsapp-facebook-e-instagram-3-de-julio-de-2019\/"},"wordCount":431,"commentCount":0,"publisher":{"@id":"https:\/\/geekine.com\/#organization"},"image":{"@id":"https:\/\/geekine.com\/falla-a-nivel-mundial-de-whatsapp-facebook-e-instagram-3-de-julio-de-2019\/#primaryimage"},"thumbnailUrl":"https:\/\/geekine.com\/wp-content\/uploads\/2024\/10\/qheronet-falla-a-nivel-mundial-de-whatsapp-facebook-e-instagram-este-3-de-julio-de-2019-1.jpg","keywords":["facebook","follow instagram","instagram","mensajeria"],"articleSection":["Tecnolog\u00eda"],"inLanguage":"pt-BR","potentialAction":[{"@type":"CommentAction","name":"Comment","target":["https:\/\/geekine.com\/falla-a-nivel-mundial-de-whatsapp-facebook-e-instagram-3-de-julio-de-2019\/#respond"]}]},{"@type":"WebPage","@id":"https:\/\/geekine.com\/falla-a-nivel-mundial-de-whatsapp-facebook-e-instagram-3-de-julio-de-2019\/","url":"https:\/\/geekine.com\/falla-a-nivel-mundial-de-whatsapp-facebook-e-instagram-3-de-julio-de-2019\/","name":"Falha global afetando WhatsApp, Facebook e Instagram, 3 de julho de 2019 | Geekine.com","isPartOf":{"@id":"https:\/\/geekine.com\/#website"},"primaryImageOfPage":{"@id":"https:\/\/geekine.com\/falla-a-nivel-mundial-de-whatsapp-facebook-e-instagram-3-de-julio-de-2019\/#primaryimage"},"thumbnailUrl":"https:\/\/geekine.com\/wp-content\/uploads\/2024\/10\/qheronet-falla-a-nivel-mundial-de-whatsapp-facebook-e-instagram-este-3-de-julio-de-2019-1.jpg","datePublished":"2019-07-05T19:40:04+00:00","dateModified":"2026-01-16T04:46:34+00:00","description":"Usu\u00e1rios do mundo todo foram afetados no dia 3 de julho por uma interrup\u00e7\u00e3o que afetou diversos aplicativos populares. O dia se tornou terr\u00edvel para o WhatsApp, Instagram e Facebook, que ficaram fora do ar por v\u00e1rias horas. Imediatamente, os usu\u00e1rios come\u00e7aram a usar as hashtags ##FacebookDown, ##WhatsApp, #Facebook e #Instagram no Twitter. O problema impediu que os usu\u00e1rios das tr\u00eas plataformas enviassem ou baixassem \u00e1udios, imagens e v\u00eddeos.","breadcrumb":{"@id":"https:\/\/geekine.com\/falla-a-nivel-mundial-de-whatsapp-facebook-e-instagram-3-de-julio-de-2019\/#breadcrumb"},"inLanguage":"pt-BR","potentialAction":[{"@type":"ReadAction","target":["https:\/\/geekine.com\/falla-a-nivel-mundial-de-whatsapp-facebook-e-instagram-3-de-julio-de-2019\/"]}]},{"@type":"ImageObject","inLanguage":"pt-BR","@id":"https:\/\/geekine.com\/falla-a-nivel-mundial-de-whatsapp-facebook-e-instagram-3-de-julio-de-2019\/#primaryimage","url":"https:\/\/geekine.com\/wp-content\/uploads\/2024\/10\/qheronet-falla-a-nivel-mundial-de-whatsapp-facebook-e-instagram-este-3-de-julio-de-2019-1.jpg","contentUrl":"https:\/\/geekine.com\/wp-content\/uploads\/2024\/10\/qheronet-falla-a-nivel-mundial-de-whatsapp-facebook-e-instagram-este-3-de-julio-de-2019-1.jpg","caption":"Qheronet Falla A Nivel Mundial De Whatsapp Facebook E Instagram Este 3 De Julio De 2019 1"},{"@type":"BreadcrumbList","@id":"https:\/\/geekine.com\/falla-a-nivel-mundial-de-whatsapp-facebook-e-instagram-3-de-julio-de-2019\/#breadcrumb","itemListElement":[{"@type":"ListItem","position":1,"name":"Inicio","item":"https:\/\/geekine.com\/"},{"@type":"ListItem","position":2,"name":"Tecnolog\u00eda","item":"https:\/\/geekine.com\/categoria\/tecnologia\/"},{"@type":"ListItem","position":3,"name":"Falla a nivel mundial de WhatsApp, Facebook e Instagram, 3 de Julio de 2019"}]},{"@type":"WebSite","@id":"https:\/\/geekine.com\/#website","url":"https:\/\/geekine.com\/","name":"Geekine","description":"Tecnologia, videogames, gadgets, aplicativos, filmes e ci\u00eancia","publisher":{"@id":"https:\/\/geekine.com\/#organization"},"alternateName":"Geekine.com","potentialAction":[{"@type":"SearchAction","target":{"@type":"EntryPoint","urlTemplate":"https:\/\/geekine.com\/?s={search_term_string}"},"query-input":{"@type":"PropertyValueSpecification","valueRequired":true,"valueName":"search_term_string"}}],"inLanguage":"pt-BR"},{"@type":"Organization","@id":"https:\/\/geekine.com\/#organization","name":"Geekine","alternateName":"Geekine.com","url":"https:\/\/geekine.com\/","logo":{"@type":"ImageObject","inLanguage":"pt-BR","@id":"https:\/\/geekine.com\/#\/schema\/logo\/image\/","url":null,"contentUrl":null,"width":null,"height":null,"caption":"Geekine"},"image":{"@id":"https:\/\/geekine.com\/#\/schema\/logo\/image\/"},"sameAs":["https:\/\/co.pinterest.com\/geekinecom\/"],"description":"O Geekine \u00e9 o seu universo geek de tecnologia, videogames, gadgets, aplicativos, filmes e ci\u00eancia. Publicamos not\u00edcias atualizadas, an\u00e1lises de especialistas e resenhas em ingl\u00eas.","publishingPrinciples":"https:\/\/geekine.com\/terminos-y-condiciones\/"},{"@type":"Person","@id":"https:\/\/geekine.com\/#\/schema\/person\/e621c3c83fdb2deafc9f0cd29cf6bb94","name":"Heitor Pellegatti","image":{"@type":"ImageObject","inLanguage":"pt-BR","@id":"https:\/\/secure.gravatar.com\/avatar\/c0fdfb5971574e8b9bd97567fc04bd680f7a6e32cf93675af36cbf6ef8b39aab?s=96&d=mm&r=gcb620f79e740280707c50a52b14e7ffd","url":"https:\/\/secure.gravatar.com\/avatar\/c0fdfb5971574e8b9bd97567fc04bd680f7a6e32cf93675af36cbf6ef8b39aab?s=96&d=mm&r=g","contentUrl":"https:\/\/secure.gravatar.com\/avatar\/c0fdfb5971574e8b9bd97567fc04bd680f7a6e32cf93675af36cbf6ef8b39aab?s=96&d=mm&r=g","caption":"Hector Pellegatti"},"description":"Adoro m\u00fasica, fotografia, ler bons livros e hist\u00f3rias em quadrinhos. Adoro explorar novos lugares e aproveitar meu tempo em nosso lindo planeta. Sou colecionador de itens cl\u00e1ssicos e mem\u00f3rias agrad\u00e1veis.","sameAs":["https:\/\/qhero.net"]}]}},"authors":[{"term_id":2505,"user_id":13950,"is_guest":0,"slug":"hec-p","display_name":"Hector Pellegatti","avatar_url":"https:\/\/secure.gravatar.com\/avatar\/c0fdfb5971574e8b9bd97567fc04bd680f7a6e32cf93675af36cbf6ef8b39aab?s=96&d=mm&r=g","0":null,"1":"","2":"","3":"","4":"","5":"","6":"","7":"","8":""}],"_links":{"self":[{"href":"https:\/\/geekine.com\/pt\/wp-json\/wp\/v2\/posts\/888","targetHints":{"allow":["GET"]}}],"collection":[{"href":"https:\/\/geekine.com\/pt\/wp-json\/wp\/v2\/posts"}],"about":[{"href":"https:\/\/geekine.com\/pt\/wp-json\/wp\/v2\/types\/post"}],"author":[{"embeddable":true,"href":"https:\/\/geekine.com\/pt\/wp-json\/wp\/v2\/users\/13950"}],"replies":[{"embeddable":true,"href":"https:\/\/geekine.com\/pt\/wp-json\/wp\/v2\/comments?post=888"}],"version-history":[{"count":0,"href":"https:\/\/geekine.com\/pt\/wp-json\/wp\/v2\/posts\/888\/revisions"}],"wp:featuredmedia":[{"embeddable":true,"href":"https:\/\/geekine.com\/pt\/wp-json\/wp\/v2\/media\/25398"}],"wp:attachment":[{"href":"https:\/\/geekine.com\/pt\/wp-json\/wp\/v2\/media?parent=888"}],"wp:term":[{"taxonomy":"category","embeddable":true,"href":"https:\/\/geekine.com\/pt\/wp-json\/wp\/v2\/categories?post=888"},{"taxonomy":"post_tag","embeddable":true,"href":"https:\/\/geekine.com\/pt\/wp-json\/wp\/v2\/tags?post=888"},{"taxonomy":"tmauthors","embeddable":true,"href":"https:\/\/geekine.com\/pt\/wp-json\/wp\/v2\/tmauthors?post=888"},{"taxonomy":"author","embeddable":true,"href":"https:\/\/geekine.com\/pt\/wp-json\/wp\/v2\/ppma_author?post=888"}],"curies":[{"name":"wp","href":"https:\/\/api.w.org\/{rel}","templated":true}]}}